{"id":120384,"date":"2021-07-05T07:15:20","date_gmt":"2021-07-05T11:15:20","guid":{"rendered":"https:\/\/linitiative.ca\/International\/enseignement-prive-lecole-francois-mauriac-ouvre-a-mohammedia\/"},"modified":"2021-07-05T07:15:20","modified_gmt":"2021-07-05T11:15:20","slug":"enseignement-prive-lecole-francois-mauriac-ouvre-a-mohammedia","status":"publish","type":"post","link":"https:\/\/linitiative.ca\/International\/enseignement-prive-lecole-francois-mauriac-ouvre-a-mohammedia\/","title":{"rendered":"Enseignement priv\u00e9 : L\u2019Ecole Fran\u00e7ois Mauriac ouvre \u00e0 Mohammedia"},"content":{"rendered":"<div>\n<p><img decoding=\"async\" width=\"300\" height=\"153\" src=\"https:\/\/linitiative.ca\/International\/wp-content\/uploads\/sites\/23\/2021\/07\/Ecole-Francois-Mauriac-300x153-1.jpg\" class=\"attachment-medium size-medium wp-post-image\" alt=\"\" loading=\"lazy\" srcset=\"\/\/aujourdhui.ma\/wp-content\/uploads\/2021\/07\/Ecole-Francois-Mauriac-300x153.jpg 300w, \/\/aujourdhui.ma\/wp-content\/uploads\/2021\/07\/Ecole-Francois-Mauriac-274x140.jpg 274w, \/\/aujourdhui.ma\/wp-content\/uploads\/2021\/07\/Ecole-Francois-Mauriac.jpg 746w, \/\/aujourdhui.ma\/wp-content\/uploads\/2021\/07\/Ecole-Francois-Mauriac-165x84.jpg 165w, \/\/aujourdhui.ma\/wp-content\/uploads\/2021\/07\/Ecole-Francois-Mauriac-702x358.jpg 702w\" sizes=\"auto, (max-width: 300px) 100vw, 300px\"><\/p>\n<p><span style=\"color: #800000;\"><strong>L\u2019Ecole Fran\u00e7ois Mauriac (EFM) de Mohammedia accueillera d\u00e8s septembre des classes de primaire pour \u00e9largir, par la suite, son enseignement, au niveau sup\u00e9rieur jusqu\u2019\u00e0 la terminale. La cr\u00e8che est aussi pr\u00e9vue.<\/strong><\/span><\/p>\n<p><span id=\"more-380821\"><\/span><\/p>\n<p>Le syst\u00e8me \u00e9ducatif priv\u00e9 de Mohammedia accueille une nouvelle \u00e9cole pour sa rentr\u00e9e scolaire prochaine. Baptis\u00e9 \u00abEcole Fran\u00e7ois Mauriac de Mohammedia\u00bb (EFM), l\u2019\u00e9tablissement ouvrira de la cr\u00e8che au niveau de la terminale pour accompagner l\u2019\u00e9ducation de l\u2019enfant d\u2019une mani\u00e8re compl\u00e8te et innovante. S\u2019inspirant du syst\u00e8me \u00e9ducatif fran\u00e7ais, les responsables de l\u2019\u00e9cole entendent v\u00e9hiculer des valeurs fortes. \u00abComprendre plut\u00f4t que r\u00e9ussir \u00e0 n\u2019importe quel prix\u00bb ; tel est le credo de l\u2019\u00e9quipe dirigeante\u2026<br \/>\nL\u2019ADN de l\u2019Ecole Fran\u00e7ois Mauriac de Mohammedia (EFM) repose sur 4 valeurs. D\u00e9j\u00e0, la p\u00e9dagogie dynamique retenue sera ax\u00e9e sur l\u2019activit\u00e9, la collaboration et la coop\u00e9ration entre les pairs. D\u2019un autre c\u00f4t\u00e9, l\u2019engagement des enseignants devra conforter la qualit\u00e9 de l\u2019enseignement. Il s\u2019agira \u00e9galement de former les jeunes \u00e0 l\u2019aide de pratiques innovantes issues de recherche. A terme, l\u2019objectif est que l\u2019\u00e9cole d\u00e9croche l\u2019homologation AEFE.<\/p>\n<p>Concr\u00e8tement, le cursus propos\u00e9 complet depuis la maternelle au lyc\u00e9e devra r\u00e9pondre aux standards de qualit\u00e9 reconnus. Le choix du lieu n\u2019est pas non plus fortuit. La r\u00e9habilitation de l\u2019\u00e9cole Jacques Hersant, bien connue chez les habitants de la ville, r\u00e9pond \u00e0 toutes les normes requises\u2026 Elle portera le nom de Fran\u00e7ois Mauriac, en hommage \u00e0 l\u2019\u00e9crivain fran\u00e7ais, laur\u00e9at du Grand Prix du roman de l\u2019Acad\u00e9mie fran\u00e7aise en 1926 et membre de cette Acad\u00e9mie. L\u2019homme a re\u00e7u, \u00e9galement, le prix Nobel de Litt\u00e9rature, en 1952. Toute une symbolique\u2026 Les responsables de l\u2019\u00e9cole \u00e9tant motiv\u00e9s pour que l\u2019enfant acc\u00e8de \u00e0 un niveau de langue fran\u00e7aise de haut niveau parall\u00e8lement \u00e0 l\u2019arabe, langue maternelle, et l\u2019anglais.<\/p>\n<p>Sur un autre registre, le contenu p\u00e9dagogique retient dans ses fondamentaux une ouverture sur le monde, mat\u00e9rialis\u00e9e par un enseignement multilingue (fran\u00e7ais, arabe, anglais), d\u00e8s les petites classes. Le dialogue des cultures, la diversit\u00e9 linguistique, le respect des identit\u00e9s et des diff\u00e9rences \u00e9tant au c\u0153ur de la politique des langues de l\u2019\u00e9cole.<br \/>\nL\u2019objectif est simple et renvoie au savoir vivre ensemble. Le citoyen de demain devenant la priorit\u00e9 ultime d\u00e8s ses premiers pas accomplis.<\/p>\n<\/div>\n<p>Auteur: Dounia Essabban<br \/>\n<a href=\"https:\/\/aujourdhui.ma\/societe\/enseignement-prive-lecole-francois-mauriac-ouvre-a-mohammedia\">Cliquez ici pour lire l&rsquo;article depuis sa source.<\/a><\/p>\n","protected":false},"excerpt":{"rendered":"<p>L\u2019Ecole Fran\u00e7ois Mauriac (EFM) de Mohammedia accueillera d\u00e8s septembre des classes de primaire pour \u00e9largir, par la suite, son enseignement, au niveau sup\u00e9rieur jusqu\u2019\u00e0 la terminale. La cr\u00e8che est aussi pr\u00e9vue. Le syst\u00e8me \u00e9ducatif priv\u00e9 de Mohammedia accueille une nouvelle \u00e9cole pour sa rentr\u00e9e scolaire prochaine. Baptis\u00e9 \u00abEcole Fran\u00e7ois Mauriac de Mohammedia\u00bb (EFM), l\u2019\u00e9tablissement ouvrira [&hellip;]<\/p>\n","protected":false},"author":1759,"featured_media":0,"comment_status":"closed","ping_status":"closed","sticky":false,"template":"","format":"standard","meta":{"fifu_image_url":"https:\/\/aujourdhui.ma\/wp-content\/uploads\/2021\/07\/Ecole-Francois-Mauriac-300x153.jpg","fifu_image_alt":"Enseignement priv\u00e9 : L\u2019Ecole Fran\u00e7ois Mauriac ouvre \u00e0 Mohammedia","footnotes":""},"categories":[73,54],"tags":[],"class_list":["post-120384","post","type-post","status-publish","format-standard","hentry","category-actualite","category-maroc"],"_links":{"self":[{"href":"https:\/\/linitiative.ca\/International\/wp-json\/wp\/v2\/posts\/120384","targetHints":{"allow":["GET"]}}],"collection":[{"href":"https:\/\/linitiative.ca\/International\/wp-json\/wp\/v2\/posts"}],"about":[{"href":"https:\/\/linitiative.ca\/International\/wp-json\/wp\/v2\/types\/post"}],"author":[{"embeddable":true,"href":"https:\/\/linitiative.ca\/International\/wp-json\/wp\/v2\/users\/1759"}],"replies":[{"embeddable":true,"href":"https:\/\/linitiative.ca\/International\/wp-json\/wp\/v2\/comments?post=120384"}],"version-history":[{"count":0,"href":"https:\/\/linitiative.ca\/International\/wp-json\/wp\/v2\/posts\/120384\/revisions"}],"wp:attachment":[{"href":"https:\/\/linitiative.ca\/International\/wp-json\/wp\/v2\/media?parent=120384"}],"wp:term":[{"taxonomy":"category","embeddable":true,"href":"https:\/\/linitiative.ca\/International\/wp-json\/wp\/v2\/categories?post=120384"},{"taxonomy":"post_tag","embeddable":true,"href":"https:\/\/linitiative.ca\/International\/wp-json\/wp\/v2\/tags?post=120384"}],"curies":[{"name":"wp","href":"https:\/\/api.w.org\/{rel}","templated":true}]}}