{"id":120388,"date":"2021-07-05T08:00:51","date_gmt":"2021-07-05T12:00:51","guid":{"rendered":"https:\/\/linitiative.ca\/International\/pas-de-retour-a-lanormal-allons-vers-lexcellence\/"},"modified":"2021-07-05T08:00:51","modified_gmt":"2021-07-05T12:00:51","slug":"pas-de-retour-a-lanormal-allons-vers-lexcellence","status":"publish","type":"post","link":"https:\/\/linitiative.ca\/International\/pas-de-retour-a-lanormal-allons-vers-lexcellence\/","title":{"rendered":"Pas de retour \u00e0 \u00abl\u2019anormal\u00bb, allons vers l\u2019excellence !"},"content":{"rendered":"<div>\n<p><img decoding=\"async\" width=\"300\" height=\"153\" src=\"https:\/\/linitiative.ca\/International\/wp-content\/uploads\/sites\/23\/2021\/07\/Ahmed-GHAYET-1-300x153-1.jpg\" class=\"attachment-medium size-medium wp-post-image\" alt=\"\" loading=\"lazy\" srcset=\"\/\/aujourdhui.ma\/wp-content\/uploads\/2018\/11\/Ahmed-GHAYET-1-300x153.jpg 300w, \/\/aujourdhui.ma\/wp-content\/uploads\/2018\/11\/Ahmed-GHAYET-1.jpg 746w\" sizes=\"auto, (max-width: 300px) 100vw, 300px\"><\/p>\n<p><span style=\"color: #800000;\"><strong>Apr\u00e8s la pand\u00e9mie, Apr\u00e8s le rapport sur le nouveau mod\u00e8le de d\u00e9veloppement, Apr\u00e8s les bouleversements que conna\u00eet notre pays dans ses relations internationales\u2026<\/strong><\/span><span id=\"more-380838\"><\/span><\/p>\n<p>Il nous faut imaginer et b\u00e2tir le futur concr\u00e8tement, sur le terrain, en actes, au plus pr\u00e8s de la population.<br \/>\nNous ne pouvons souhaiter un retour \u00e0 \u00abl\u2019anormal\u00bb, visons le meilleur, visons l\u2019excellence et pour cela il nous faut nous m\u00ealer de ce qui nous regarde.<br \/>\nL\u2019une des cl\u00e9s du Maroc d\u2019apr\u00e8s r\u00e9side dans la lutte contre l\u2019exclusion, contre l\u2019intol\u00e9rance, contre le repli, l\u2019indispensable combat \u00e0 mener pour garantir la place de la femme, l\u2019acc\u00e8s \u00e0 la culture, l\u2019\u00e9mancipation de notre jeunesse\u2026<br \/>\nEn fait le d\u00e9fi est de pr\u00e9server notre authenticit\u00e9 tout en acc\u00e9dant aux indispensables \u00abmises \u00e0 jour\u00bb dont notre soci\u00e9t\u00e9 a besoin. Pour r\u00e9sumer, il s\u2019agit d\u2019 un seul et m\u00eame combat : celui pour l\u2019ouverture, celui de l\u2019\u00e9galit\u00e9 des chances, celui qui formera de futures g\u00e9n\u00e9rations de femmes et d\u2019hommes bien dans leur t\u00eate, bien dans leur peau, qui auront appris \u00e0 vivre ensemble en harmonie, en compl\u00e9mentarit\u00e9 et non en opposition et en confrontation !<br \/>\nOr ce Maroc d\u2019apr\u00e8s ne se fera pas tout seul, il ne se fera pas par les seuls partis politiques actuels -dont une partie a failli- il ne se fera pas non plus si les agents d\u2019autorit\u00e9 ne se conforment pas au nouveau concept d\u2019autorit\u00e9, dont Sa Majest\u00e9 est porteur, mais qui h\u00e9las est encore herm\u00e9tique \u00e0 certain(e)s d\u2019entre eux : les moqqadem, ca\u00efds, pachas \u00abnouvelle g\u00e9n\u00e9ration\u00bb, \u00abnouvel \u00e9tat d\u2019esprit\u00bb existent \u2013 qui ont compris que le partenariat est la solution -et au quotidien dans ma mission associative j\u2019en rencontre, mais trop d\u2019entre eux continuent de croire que la \u00abhogra\u00bb est une m\u00e9thode de travail\u2026<br \/>\nIls oublient qu\u2019ils sont au service du citoyen et se comportent d\u2019une mani\u00e8re qui ne peut plus \u00eatre accept\u00e9e : la collaboration, le respect, le dialogue sont \u00e9videmment les outils du civisme, de part et d\u2019autre.<br \/>\nLa cl\u00e9 pour demain est dans une d\u00e9marche de d\u00e9mocratie participative: \u00e9lus, autorit\u00e9s, soci\u00e9t\u00e9 civile, mouvement associatif, jeunesse, citoyens.<br \/>\nOr tout attendre de l\u2019Etat, tout attendre du politique n\u2019est plus de mise, sans l\u2019implication concr\u00e8te de tous, nous resterons au stade de l\u2019anormal : notre Roi trace la route, donne des directives, impulse, pr\u00e9vient, r\u00e9pare, innove\u2026 et nous que faisons-nous ?<br \/>\nLes fa\u00e7ons de contribuer au Maroc d\u2019apr\u00e8s sont innombrables qui vont de l\u2019engagement \u00e0 l\u2019exemplarit\u00e9, en passant par la participation au vote !<br \/>\nEh oui, voter est le geste le plus basique de l\u2019implication !<br \/>\nJe connais par c\u0153ur tous les arguments -souvent de bonne foi- avanc\u00e9s par celles et ceux qui pr\u00e9tendent que \u00abcela ne sert \u00e0 rien\u00bb, or cet argument est obsol\u00e8te, on voit o\u00f9 il nous a amen\u00e9s, alors que nous n\u2019avons pas encore fait l\u2019exp\u00e9rience d\u2019un vote massif.<br \/>\nLes candidats et candidates comp\u00e9tents existent, ainsi que les politiques int\u00e8gres et d\u00e9vou\u00e9s, donc c\u2019est vers eux qu\u2019il nous faut nous tourner, qu\u2019avons-nous \u00e0 perdre \u00e0 essayer de voter en nombre ?<br \/>\nRien, nous ne pouvons que tirer la classe politique vers le haut en lui montrant nos exigences !!!!<br \/>\nC\u2019est par la participation active au vote qui d\u00e9termine la vie politique d\u2019un pays que l\u2019on peut susciter le changement, remplacer les \u00e9lites politiques vieillissantes souvent sans soubassement id\u00e9ologique, sans vision. Les classes politiques traditionnelles n\u2019aiment pas les d\u00e9bats. Elles s\u2019accrochent \u00e0 la pens\u00e9e unique. Or c\u2019est par la diff\u00e9rence et par les d\u00e9bats d\u2019id\u00e9es que l\u2019on s\u2019enrichit, c\u2019est la voie vers le Maroc d\u2019apr\u00e8s\u2026 ce Maroc qui est \u00e0 port\u00e9e de main et que nous voyons poindre, l\u2019excellence doit \u00eatre notre objectif et non pas l\u2019anormal, et nous en sommes capables, nous l\u2019avons montr\u00e9 par exemple dans la gestion de la campagne de vaccination\u2026<br \/>\nDans cette p\u00e9riode utilisons les r\u00e9seaux sociaux avec intelligence, avec le souci du bien commun, comme un pr\u00e9ambule, une avant-garde au travail sur le terrain, car -et nous pouvons le v\u00e9rifier au quotidien- autant les d\u00e9tracteurs patent\u00e9s que les nihilistes fr\u00e9n\u00e9tiques ne savent qu\u2019utiliser leur clavier, mettons-les au d\u00e9fi de venir se confronter aux r\u00e9alit\u00e9s, de retrousser leurs manches et vous verrez qu\u2019ils en sont incapables.<br \/>\nNotre soci\u00e9t\u00e9 est \u00e0 un carrefour, au moment de d\u00e9cider de ses choix : tant sur le plan national qu\u2019international.<br \/>\nLa pand\u00e9mie nous l\u2019a montr\u00e9 : nous sommes dans un entre-deux, un monde est vou\u00e9 \u00e0 dispara\u00eetre et un nouveau est en gestation, utilisons toutes les cl\u00e9s qui sont en notre possession pour le construire.<br \/>\nLe Maroc d\u2019apr\u00e8s appara\u00eet\u2026<\/p>\n<\/div>\n<p>Auteur: Ahmed GHAYET<br \/>\n<a href=\"https:\/\/aujourdhui.ma\/chroniques\/pas-de-retour-a-lanormal-allons-vers-lexcellence\">Cliquez ici pour lire l&rsquo;article depuis sa source.<\/a><\/p>\n","protected":false},"excerpt":{"rendered":"<p>Apr\u00e8s la pand\u00e9mie, Apr\u00e8s le rapport sur le nouveau mod\u00e8le de d\u00e9veloppement, Apr\u00e8s les bouleversements que conna\u00eet notre pays dans ses relations internationales\u2026 Il nous faut imaginer et b\u00e2tir le futur concr\u00e8tement, sur le terrain, en actes, au plus pr\u00e8s de la population. Nous ne pouvons souhaiter un retour \u00e0 \u00abl\u2019anormal\u00bb, visons le meilleur, visons [&hellip;]<\/p>\n","protected":false},"author":1759,"featured_media":0,"comment_status":"closed","ping_status":"closed","sticky":false,"template":"","format":"standard","meta":{"fifu_image_url":"https:\/\/aujourdhui.ma\/wp-content\/uploads\/2018\/11\/Ahmed-GHAYET-1-300x153.jpg","fifu_image_alt":"Pas de retour \u00e0 \u00abl\u2019anormal\u00bb, allons vers l\u2019excellence !","footnotes":""},"categories":[73,54],"tags":[],"class_list":["post-120388","post","type-post","status-publish","format-standard","hentry","category-actualite","category-maroc"],"_links":{"self":[{"href":"https:\/\/linitiative.ca\/International\/wp-json\/wp\/v2\/posts\/120388","targetHints":{"allow":["GET"]}}],"collection":[{"href":"https:\/\/linitiative.ca\/International\/wp-json\/wp\/v2\/posts"}],"about":[{"href":"https:\/\/linitiative.ca\/International\/wp-json\/wp\/v2\/types\/post"}],"author":[{"embeddable":true,"href":"https:\/\/linitiative.ca\/International\/wp-json\/wp\/v2\/users\/1759"}],"replies":[{"embeddable":true,"href":"https:\/\/linitiative.ca\/International\/wp-json\/wp\/v2\/comments?post=120388"}],"version-history":[{"count":0,"href":"https:\/\/linitiative.ca\/International\/wp-json\/wp\/v2\/posts\/120388\/revisions"}],"wp:attachment":[{"href":"https:\/\/linitiative.ca\/International\/wp-json\/wp\/v2\/media?parent=120388"}],"wp:term":[{"taxonomy":"category","embeddable":true,"href":"https:\/\/linitiative.ca\/International\/wp-json\/wp\/v2\/categories?post=120388"},{"taxonomy":"post_tag","embeddable":true,"href":"https:\/\/linitiative.ca\/International\/wp-json\/wp\/v2\/tags?post=120388"}],"curies":[{"name":"wp","href":"https:\/\/api.w.org\/{rel}","templated":true}]}}