{"id":120390,"date":"2021-07-05T10:40:23","date_gmt":"2021-07-05T14:40:23","guid":{"rendered":"https:\/\/linitiative.ca\/International\/loubna-serraj-laureate-du-3eme-prix-orange-du-livre-en-afrique\/"},"modified":"2021-07-05T10:40:23","modified_gmt":"2021-07-05T14:40:23","slug":"loubna-serraj-laureate-du-3eme-prix-orange-du-livre-en-afrique","status":"publish","type":"post","link":"https:\/\/linitiative.ca\/International\/loubna-serraj-laureate-du-3eme-prix-orange-du-livre-en-afrique\/","title":{"rendered":"Loubna Serraj, laur\u00e9ate du 3\u00e8me Prix  Orange du Livre en Afrique"},"content":{"rendered":"<div>\n<p><img decoding=\"async\" width=\"300\" height=\"153\" src=\"https:\/\/linitiative.ca\/International\/wp-content\/uploads\/sites\/23\/2021\/07\/premiere-experience-romanesque-de-Loubna-Serraj-300x153-1.jpg\" class=\"attachment-medium size-medium wp-post-image\" alt=\"\" loading=\"lazy\" srcset=\"\/\/aujourdhui.ma\/wp-content\/uploads\/2021\/07\/premiere-experience-romanesque-de-Loubna-Serraj-300x153.jpg 300w, \/\/aujourdhui.ma\/wp-content\/uploads\/2021\/07\/premiere-experience-romanesque-de-Loubna-Serraj-274x140.jpg 274w, \/\/aujourdhui.ma\/wp-content\/uploads\/2021\/07\/premiere-experience-romanesque-de-Loubna-Serraj.jpg 746w, \/\/aujourdhui.ma\/wp-content\/uploads\/2021\/07\/premiere-experience-romanesque-de-Loubna-Serraj-165x84.jpg 165w, \/\/aujourdhui.ma\/wp-content\/uploads\/2021\/07\/premiere-experience-romanesque-de-Loubna-Serraj-702x358.jpg 702w\" sizes=\"auto, (max-width: 300px) 100vw, 300px\"><\/p>\n<p><span style=\"color: #800000;\"><strong>Le Prix Orange du Livre en Afrique r\u00e9compense Loubna Serraj pour son premier roman \u00abPourvu qu\u2019il soit de bonne humeur\u00bb, publi\u00e9 au Maroc aux \u00e9ditions La Crois\u00e9e des chemins.<\/strong><\/span><span id=\"more-380831\"><\/span><\/p>\n<p>\u00abPour cette 3e \u00e9dition, 74 romans ont \u00e9t\u00e9 propos\u00e9s par 44 maisons d\u2019\u00e9dition issues de 16 pays. Une premi\u00e8re s\u00e9lection des titres a \u00e9t\u00e9 faite par 5 comit\u00e9s de lecture au Cameroun, en C\u00f4te d\u2019Ivoire, en Guin\u00e9e, au Mali et en Tunisie\u00bb, d\u00e9taillent les \u00e9ditions en rappelant que ce Prix est initi\u00e9 en partenariat avec l\u2019Institut Fran\u00e7ais. A propos de cette publication, le jury estime que \u00abl\u2019auteure s\u2019empare avec assurance et sensibilit\u00e9 d\u2019un sujet h\u00e9las encore d\u2019actualit\u00e9 : la violence conjugale. Sujet trait\u00e9, ici, loin de tout manich\u00e9isme. La narration est men\u00e9e jusqu\u2019au bout et se d\u00e9ploie avec succ\u00e8s en plusieurs th\u00e8mes dont on rel\u00e8ve : la transmission g\u00e9n\u00e9rationnelle du traumatisme, la r\u00e9sistance sous toutes ses formes, l\u2019amour multidimensionnel, la dignit\u00e9 face \u00e0 la souffrance, l\u2019abn\u00e9gation, mais aussi le d\u00e9sir de libert\u00e9.<\/p>\n<p>Cet ouvrage nous invite au voyage dans le pass\u00e9 \u00e0 travers deux personnages, deux \u00e9poques et deux couples, pour mieux nous faire cerner le pr\u00e9sent. Loubna Serraj interpelle sa soci\u00e9t\u00e9 et, partant, tous les pays o\u00f9 les femmes souffrent encore dans leur chair\u00bb.<\/p>\n<\/div>\n<p>Auteur: ALM<br \/>\n<a href=\"https:\/\/aujourdhui.ma\/culture\/loubna-serraj-laureate-du-3eme-prix-orange-du-livre-en-afrique\">Cliquez ici pour lire l&rsquo;article depuis sa source.<\/a><\/p>\n","protected":false},"excerpt":{"rendered":"<p>Le Prix Orange du Livre en Afrique r\u00e9compense Loubna Serraj pour son premier roman \u00abPourvu qu\u2019il soit de bonne humeur\u00bb, publi\u00e9 au Maroc aux \u00e9ditions La Crois\u00e9e des chemins. \u00abPour cette 3e \u00e9dition, 74 romans ont \u00e9t\u00e9 propos\u00e9s par 44 maisons d\u2019\u00e9dition issues de 16 pays. Une premi\u00e8re s\u00e9lection des titres a \u00e9t\u00e9 faite par [&hellip;]<\/p>\n","protected":false},"author":1759,"featured_media":0,"comment_status":"closed","ping_status":"closed","sticky":false,"template":"","format":"standard","meta":{"fifu_image_url":"https:\/\/aujourdhui.ma\/wp-content\/uploads\/2021\/07\/premiere-experience-romanesque-de-Loubna-Serraj-300x153.jpg","fifu_image_alt":"Loubna Serraj, laur\u00e9ate du 3\u00e8me Prix  Orange du Livre en Afrique","footnotes":""},"categories":[73,54],"tags":[],"class_list":["post-120390","post","type-post","status-publish","format-standard","hentry","category-actualite","category-maroc"],"_links":{"self":[{"href":"https:\/\/linitiative.ca\/International\/wp-json\/wp\/v2\/posts\/120390","targetHints":{"allow":["GET"]}}],"collection":[{"href":"https:\/\/linitiative.ca\/International\/wp-json\/wp\/v2\/posts"}],"about":[{"href":"https:\/\/linitiative.ca\/International\/wp-json\/wp\/v2\/types\/post"}],"author":[{"embeddable":true,"href":"https:\/\/linitiative.ca\/International\/wp-json\/wp\/v2\/users\/1759"}],"replies":[{"embeddable":true,"href":"https:\/\/linitiative.ca\/International\/wp-json\/wp\/v2\/comments?post=120390"}],"version-history":[{"count":0,"href":"https:\/\/linitiative.ca\/International\/wp-json\/wp\/v2\/posts\/120390\/revisions"}],"wp:attachment":[{"href":"https:\/\/linitiative.ca\/International\/wp-json\/wp\/v2\/media?parent=120390"}],"wp:term":[{"taxonomy":"category","embeddable":true,"href":"https:\/\/linitiative.ca\/International\/wp-json\/wp\/v2\/categories?post=120390"},{"taxonomy":"post_tag","embeddable":true,"href":"https:\/\/linitiative.ca\/International\/wp-json\/wp\/v2\/tags?post=120390"}],"curies":[{"name":"wp","href":"https:\/\/api.w.org\/{rel}","templated":true}]}}