{"id":120399,"date":"2021-07-04T14:00:00","date_gmt":"2021-07-04T18:00:00","guid":{"rendered":"https:\/\/linitiative.ca\/International\/justice-la-fij-pour-un-proces-juste-et-equitable-pour-s-raissouni-et-o-radi\/"},"modified":"2021-07-04T14:00:00","modified_gmt":"2021-07-04T18:00:00","slug":"justice-la-fij-pour-un-proces-juste-et-equitable-pour-s-raissouni-et-o-radi","status":"publish","type":"post","link":"https:\/\/linitiative.ca\/International\/justice-la-fij-pour-un-proces-juste-et-equitable-pour-s-raissouni-et-o-radi\/","title":{"rendered":"Justice: La FIJ pour \u00abun proc\u00e8s juste et \u00e9quitable\u00bb pour S. Raissouni et O. Radi"},"content":{"rendered":"<div>\n<p class=\"has-vivid-cyan-blue-color has-text-color\"><strong>Le secr\u00e9taire g\u00e9n\u00e9ral de la F\u00e9d\u00e9ration internationale des journalistes (FIJ), Anthony Bellanger, a appel\u00e9 \u00e0 \u00abun proc\u00e8s juste et \u00e9quitable\u00bb tant pour les journalistes Souleymane Raissouni et Omar Radi, poursuivis dans le cadre de deux affaires distinctes de droit commun, que pour les plaignants, qui les accusent de viol.<\/strong><\/p>\n<p>\u00abAu nom de la F\u00e9d\u00e9ration internationale, nous appuyons toutes les d\u00e9marches entreprises en mati\u00e8re de justice, notamment l\u2019article 11 de la Charte d\u2019\u00e9thique mondiale des journalistes qui pr\u00e9cise : le journaliste s\u2019interdira de se comporter en auxiliaire de police ou d\u2019autres services de s\u00e9curit\u00e9\u00bb, a soulign\u00e9 M. Bellanger, cit\u00e9 dans une d\u00e9claration conjointe FIJ-SNPM.<\/p>\n<p>Le Secr\u00e9taire g\u00e9n\u00e9ral de la FIJ a fait \u00e9galement part de ses inqui\u00e9tudes quant \u00e0 la dur\u00e9e des instructions et l\u2019\u00e9tat de sant\u00e9 de S. Raissouni.<\/p>\n<p>La FIJ, premi\u00e8re organisation mondiale de la profession repr\u00e9sentant 600.000 journalistes dans 150 pays, suit, avec le SNPM, les audiences de la Cour d\u2019Appel de Casablanca o\u00f9 sont poursuivis les journalistes S. Raissouni et O. Radi, en d\u00e9tention pr\u00e9ventive, pr\u00e9cise-t-on de m\u00eame source.<\/p>\n<p>Le SG de la FIJ a eu l\u2019occasion de rencontrer, les 29 et 30 juin dernier \u00e0 Casablanca, avec des responsables du SNPM, l\u2019ensemble des parties impliqu\u00e9es dans ces deux affaires.<\/p>\n<p>Il s\u2019agit des avocats de O. Radi et S. Raissouni, de l\u2019\u00e9pouse de ce dernier, du p\u00e8re de Radi, des membres du comit\u00e9 \u00abFree Omar Radi\u00bb, mais \u00e9galement des plaignants, la journaliste Hafsa Boutahar, et Mohamed Adam, de leurs avocats, des responsables de l\u2019Association marocaine des droits des victimes (AMDV), dont la pr\u00e9sidente Aicha Kela\u00e2 et les membres de son Bureau, et de la Directrice g\u00e9n\u00e9rale de l\u2019Association \u00abBait Al Hikma\u00bb, Mme Najiba Jalal.<\/p>\n<p>Cit\u00e9 dans la m\u00eame d\u00e9claration conjointe, le pr\u00e9sident du Conseil national du SNPM, M. Abdelkebir Khchichne, est revenu sur le traitement fait par le Syndicat \u00e0 ces deux affaires judiciaires, pr\u00e9cisant que \u00able SNPM continuera \u00e0 suivre attentivement ces deux affaires et s\u2019assurera du bon d\u00e9roulement des proc\u00e9dures juridiques, qui doivent rester \u00e9quitables pour toutes les parties\u00bb.<\/p>\n<p>L\u2019article <a rel=\"nofollow\" href=\"http:\/\/albayane.press.ma\/justice-la-fij-pour-un-proces-juste-et-equitable-pour-s-raissouni-et-o-radi.html\">Justice: La FIJ pour \u00abun proc\u00e8s juste et \u00e9quitable\u00bb pour S. Raissouni et O. Radi<\/a> est apparu en premier sur <a rel=\"nofollow\" href=\"http:\/\/albayane.press.ma\/\">ALBAYANE<\/a>.<\/p>\n<\/div>\n<p>Auteur: M&rsquo;hammed rahal<br \/>\n<a href=\"http:\/\/albayane.press.ma\/justice-la-fij-pour-un-proces-juste-et-equitable-pour-s-raissouni-et-o-radi.html\">Cliquez ici pour lire l&rsquo;article depuis sa source.<\/a><\/p>\n","protected":false},"excerpt":{"rendered":"<p>Le secr\u00e9taire g\u00e9n\u00e9ral de la F\u00e9d\u00e9ration internationale des journalistes (FIJ), Anthony Bellanger, a appel\u00e9 \u00e0 \u00abun proc\u00e8s juste et \u00e9quitable\u00bb tant pour les journalistes Souleymane Raissouni et Omar Radi, poursuivis dans le cadre de deux affaires distinctes de droit commun, que pour les plaignants, qui les accusent de viol. \u00abAu nom de la F\u00e9d\u00e9ration internationale, [&hellip;]<\/p>\n","protected":false},"author":1760,"featured_media":0,"comment_status":"closed","ping_status":"closed","sticky":false,"template":"","format":"standard","meta":{"fifu_image_url":"","fifu_image_alt":"","footnotes":""},"categories":[73,54],"tags":[],"class_list":["post-120399","post","type-post","status-publish","format-standard","hentry","category-actualite","category-maroc"],"_links":{"self":[{"href":"https:\/\/linitiative.ca\/International\/wp-json\/wp\/v2\/posts\/120399","targetHints":{"allow":["GET"]}}],"collection":[{"href":"https:\/\/linitiative.ca\/International\/wp-json\/wp\/v2\/posts"}],"about":[{"href":"https:\/\/linitiative.ca\/International\/wp-json\/wp\/v2\/types\/post"}],"author":[{"embeddable":true,"href":"https:\/\/linitiative.ca\/International\/wp-json\/wp\/v2\/users\/1760"}],"replies":[{"embeddable":true,"href":"https:\/\/linitiative.ca\/International\/wp-json\/wp\/v2\/comments?post=120399"}],"version-history":[{"count":0,"href":"https:\/\/linitiative.ca\/International\/wp-json\/wp\/v2\/posts\/120399\/revisions"}],"wp:attachment":[{"href":"https:\/\/linitiative.ca\/International\/wp-json\/wp\/v2\/media?parent=120399"}],"wp:term":[{"taxonomy":"category","embeddable":true,"href":"https:\/\/linitiative.ca\/International\/wp-json\/wp\/v2\/categories?post=120399"},{"taxonomy":"post_tag","embeddable":true,"href":"https:\/\/linitiative.ca\/International\/wp-json\/wp\/v2\/tags?post=120399"}],"curies":[{"name":"wp","href":"https:\/\/api.w.org\/{rel}","templated":true}]}}