{"id":120401,"date":"2021-07-04T14:00:00","date_gmt":"2021-07-04T18:00:00","guid":{"rendered":"https:\/\/linitiative.ca\/International\/etats-unis-la-cour-supreme-valide-des-lois-electorales-restrictives\/"},"modified":"2021-07-04T14:00:00","modified_gmt":"2021-07-04T18:00:00","slug":"etats-unis-la-cour-supreme-valide-des-lois-electorales-restrictives","status":"publish","type":"post","link":"https:\/\/linitiative.ca\/International\/etats-unis-la-cour-supreme-valide-des-lois-electorales-restrictives\/","title":{"rendered":"Etats-Unis: La Cour Supr\u00eame valide des lois \u00e9lectorales restrictives"},"content":{"rendered":"<div>\n<p class=\"has-text-align-center has-vivid-red-color has-text-color\"><strong>Attendons pour voir\u2026<\/strong><\/p>\n<p class=\"has-vivid-cyan-blue-color has-text-color\"><strong>La validation, le 1er Juillet, par la Cour Supr\u00eame des Etats-Unis,\u00a0 des fameuses \u00ablois \u00e9lectorales controvers\u00e9es de l\u2019Etat d\u2019Arizona\u00bb dont la premi\u00e8re interdit de confier son bulletin de vote anticip\u00e9 \u00e0 un tiers pour qu\u2019il le d\u00e9pose dans un centre de vote s\u2019il ne s\u2019agit pas d\u2019un membre de la famille proche et la seconde disqualifie les bulletins d\u00e9pos\u00e9s dans un bureau diff\u00e9rent de celui dans lequel l\u2019\u00e9lecteur est inscrit, est une d\u00e9cision susceptible de peser lourdement sur le droit de vote des minorit\u00e9s avec un enjeu politique tr\u00e8s fort dans la mesure o\u00f9 ces derni\u00e8res votent traditionnellement pour le parti d\u00e9mocrate.<\/strong><\/p>\n<p>Si la Cour Supr\u00eame des Etats-Unis a reconnu que ces lois cr\u00e9ent bien une \u00abdisparit\u00e9 dans le taux de participation\u00bb concernant notamment les Am\u00e9rindiens dans les r\u00e9serves, le juge conservateur Samuel Alito, intervenant au nom de la majorit\u00e9, a tenu, toutefois, \u00e0 affirmer que \u00able simple fait qu\u2019il y ait un \u00e9cart ne veut pas syst\u00e9matiquement dire que le syst\u00e8me n\u2019est pas ouvert (car) chaque loi \u00e9lectorale impose, d\u2019une mani\u00e8re ou d\u2019une autre, un fardeau sur les \u00e9lecteurs\u00bb du moment que l\u2019int\u00e9r\u00eat \u00abl\u00e9gitime\u00bb de l\u2019Etat \u00abest la pr\u00e9vention de la fraude\u00bb.<\/p>\n<p>Autant de raisons pour lesquelles, apr\u00e8s que les six juges conservateurs aient justifi\u00e9 leur d\u00e9cision par la n\u00e9cessit\u00e9 de lutter contre la fraude \u00e9lectorale, le parti r\u00e9publicain a salu\u00e9 \u00abune victoire retentissante pour l\u2019int\u00e9grit\u00e9 des \u00e9lections \u00bb alors que les trois juges \u00ab progressistes\u00bb ont, de leur c\u00f4t\u00e9, d\u00e9nonc\u00e9 un arr\u00eat \u00abtragique\u00bb qui a \u00ab profond\u00e9ment d\u00e9\u00e7u \u00bb le pr\u00e9sident Joe Biden car il \u00ab ape\u00bb le \u00abVoting Rights Act\u00bb tel qu\u2019il avait \u00e9t\u00e9 adopt\u00e9 en 1965 dans le cadre de la lutte pour les droits civiques et complique davantage l\u2019acc\u00e8s aux urnes pour les minorit\u00e9s.<\/p>\n<p>C\u2019est donc apr\u00e8s avoir d\u00e9j\u00e0 invalid\u00e9, en 2013, le premier volet de ce texte qui, pendant des ann\u00e9es, avait tenu les \u00e9lecteurs noirs \u00e0 l\u2019\u00e9cart des urnes dans le sud des Etats-Unis\u00a0 en imposant aux anciens Etats s\u00e9gr\u00e9gationnistes d\u2019obtenir le feu vert du gouvernement f\u00e9d\u00e9ral avant d\u2019adopter toute nouvelle r\u00e9gulation \u00e9lectorale, que la Cour Supr\u00eame s\u2019est attaqu\u00e9e, ce jeudi, au deuxi\u00e8me volet de cette loi qui interdisait l\u2019adoption de toute r\u00e8gle ayant pour cons\u00e9quence de limiter l\u2019acc\u00e8s au vote d\u2019un groupe minoritaire.<\/p>\n<p>Pour rappel, lors de la derni\u00e8re \u00e9lection pr\u00e9sidentielle, la mobilisation des \u00e9lecteurs noirs avait \u00e9t\u00e9 tellement profitable \u00e0 Joe Biden que Donald Trump n\u2019avait eu de cesse d\u2019invoquer des \u00ab trucages \u00bb en s\u2019appuyant sur le recours massif au vote par anticipation quand bien m\u00eame il n\u2019\u00e9tait parvenu \u00e0 apporter aucune preuve corroborant de telles accusations.<\/p>\n<p>Voyant qu\u2019en pr\u00e9textant la fraude, les \u00e9lus r\u00e9publicains de plusieurs Etats ont, depuis Janvier, resserr\u00e9 leurs lois \u00e9lectorales et bloqu\u00e9, derni\u00e8rement le passage d\u2019un texte, Joe Biden a d\u00e9nonc\u00e9 \u00abun assaut contre les droits civiques\u00bb attentatoire \u00e0 la d\u00e9mocratie et appel\u00e9, en cons\u00e9quence, ses compatriotes \u00e0 \u00abse battre pour l\u2019adoption au Congr\u00e8s\u00bb d\u2019une loi qui prot\u00e8gerait le droit de vote.<\/p>\n<p>Consid\u00e9rant, enfin, que les nouvelles restrictions n\u2019ont pour effet que celui de compliquer l\u2019acc\u00e8s aux urnes pour les minorit\u00e9s, les d\u00e9mocrates ont introduit des \u00ab recours pour invalidation \u00bb mais ceux-ci sont rest\u00e9s lettre morte. La bataille s\u2019annonce ardue ; alors, attendons pour voir\u2026<\/p>\n<p>L\u2019article <a rel=\"nofollow\" href=\"http:\/\/albayane.press.ma\/etats-unis-la-cour-supreme-valide-des-lois-electorales-restrictives.html\">Etats-Unis: La Cour Supr\u00eame valide des lois \u00e9lectorales restrictives<\/a> est apparu en premier sur <a rel=\"nofollow\" href=\"http:\/\/albayane.press.ma\/\">ALBAYANE<\/a>.<\/p>\n<\/div>\n<p>Auteur: M&rsquo;hammed rahal<br \/>\n<a href=\"http:\/\/albayane.press.ma\/etats-unis-la-cour-supreme-valide-des-lois-electorales-restrictives.html\">Cliquez ici pour lire l&rsquo;article depuis sa source.<\/a><\/p>\n","protected":false},"excerpt":{"rendered":"<p>Attendons pour voir\u2026 La validation, le 1er Juillet, par la Cour Supr\u00eame des Etats-Unis,\u00a0 des fameuses \u00ablois \u00e9lectorales controvers\u00e9es de l\u2019Etat d\u2019Arizona\u00bb dont la premi\u00e8re interdit de confier son bulletin de vote anticip\u00e9 \u00e0 un tiers pour qu\u2019il le d\u00e9pose dans un centre de vote s\u2019il ne s\u2019agit pas d\u2019un membre de la famille proche [&hellip;]<\/p>\n","protected":false},"author":1760,"featured_media":0,"comment_status":"closed","ping_status":"closed","sticky":false,"template":"","format":"standard","meta":{"fifu_image_url":"","fifu_image_alt":"","footnotes":""},"categories":[73,54],"tags":[],"class_list":["post-120401","post","type-post","status-publish","format-standard","hentry","category-actualite","category-maroc"],"_links":{"self":[{"href":"https:\/\/linitiative.ca\/International\/wp-json\/wp\/v2\/posts\/120401","targetHints":{"allow":["GET"]}}],"collection":[{"href":"https:\/\/linitiative.ca\/International\/wp-json\/wp\/v2\/posts"}],"about":[{"href":"https:\/\/linitiative.ca\/International\/wp-json\/wp\/v2\/types\/post"}],"author":[{"embeddable":true,"href":"https:\/\/linitiative.ca\/International\/wp-json\/wp\/v2\/users\/1760"}],"replies":[{"embeddable":true,"href":"https:\/\/linitiative.ca\/International\/wp-json\/wp\/v2\/comments?post=120401"}],"version-history":[{"count":0,"href":"https:\/\/linitiative.ca\/International\/wp-json\/wp\/v2\/posts\/120401\/revisions"}],"wp:attachment":[{"href":"https:\/\/linitiative.ca\/International\/wp-json\/wp\/v2\/media?parent=120401"}],"wp:term":[{"taxonomy":"category","embeddable":true,"href":"https:\/\/linitiative.ca\/International\/wp-json\/wp\/v2\/categories?post=120401"},{"taxonomy":"post_tag","embeddable":true,"href":"https:\/\/linitiative.ca\/International\/wp-json\/wp\/v2\/tags?post=120401"}],"curies":[{"name":"wp","href":"https:\/\/api.w.org\/{rel}","templated":true}]}}