{"id":120402,"date":"2021-07-04T14:00:00","date_gmt":"2021-07-04T18:00:00","guid":{"rendered":"https:\/\/linitiative.ca\/International\/des-journalistes-appellent-lonu-a-les-proteger\/"},"modified":"2021-07-04T14:00:00","modified_gmt":"2021-07-04T18:00:00","slug":"des-journalistes-appellent-lonu-a-les-proteger","status":"publish","type":"post","link":"https:\/\/linitiative.ca\/International\/des-journalistes-appellent-lonu-a-les-proteger\/","title":{"rendered":"Des journalistes appellent l\u2019ONU \u00e0 les \u00abprot\u00e9ger\u00bb"},"content":{"rendered":"<div>\n<p class=\"has-text-align-center has-vivid-red-color has-text-color\"><strong>Manifestations en Cisjordanie<\/strong><\/p>\n<p class=\"has-vivid-cyan-blue-color has-text-color\"><strong>Une cinquantaine de journalistes palestiniens ont manifest\u00e9 lundi \u00e0 Ramallah au nom de la libert\u00e9 de la presse en Cisjordanie occup\u00e9e et ont appel\u00e9 l\u2019ONU \u00e0 les \u00ab\u00a0prot\u00e9ger\u00a0\u00bb apr\u00e8s des violences lors de rassemblements contre l\u2019Autorit\u00e9 palestinienne.<\/strong><\/p>\n<p>La mort la semaine derni\u00e8re d\u2019un militant palestinien des droits humains, Nizar Banat, alors qu\u2019il \u00e9tait d\u00e9tenu par l\u2019Autorit\u00e9 palestinienne, a suscit\u00e9 une vague de col\u00e8re en Cisjordanie.<\/p>\n<p>Sa famille a accus\u00e9 les forces de s\u00e9curit\u00e9 palestiniennes de l\u2019avoir \u00ab\u00a0assassin\u00e9\u00a0\u00bb et a dit lundi qu\u2019elle rejetterait les conclusions de l\u2019enqu\u00eate officielle.<\/p>\n<p>Les manifestations contre l\u2019Autorit\u00e9 palestinienne de ces derniers jours ont \u00e9t\u00e9 \u00e9maill\u00e9es de heurts entre protestataires et forces de l\u2019ordre, tandis que des journalistes ont rapport\u00e9 avoir \u00e9t\u00e9 violent\u00e9s par la police, mobilis\u00e9e en masse.<\/p>\n<p>\u00ab\u00a0Au regard des violations de la libert\u00e9 de travail des journalistes constat\u00e9es ces derniers jours\u00a0\u00bb, une lettre a \u00e9t\u00e9 soumise aux Nations unies, appel\u00e9es \u00e0 \u00ab\u00a0prendre des mesures n\u00e9cessaires et imm\u00e9diates pour prot\u00e9ger\u00a0\u00bb les journalistes, a indiqu\u00e9 Naila Khalil, une reporter palestinienne pour le journal Al-Arabi Al-Jadid.<\/p>\n<p>Egalement pr\u00e9sent devant les locaux de l\u2019ONU \u00e0 Ramallah, Mohammed Gharafi, journaliste pour le site d\u2019actualit\u00e9s Ultra Palestine, a dit \u00e0 l\u2019AFP avoir \u00e9t\u00e9 menac\u00e9 par les forces de s\u00e9curit\u00e9 de voir son t\u00e9l\u00e9phone confisqu\u00e9 s\u2019il n\u2019arr\u00eatait pas de filmer les manifestations.<\/p>\n<p>Ses images montrent notamment des femmes journalistes \u00eatre attaqu\u00e9es par des hommes en civil, soup\u00e7onn\u00e9s d\u2019appartenir aux forces de l\u2019ordre.<\/p>\n<p>\u00ab\u00a0Au moins 12 journalistes palestiniens, dont cinq femmes, ont \u00e9t\u00e9 agress\u00e9s par la police palestinienne ce week-end en Cisjordanie\u00a0\u00bb, a tweet\u00e9 lundi l\u2019organisation Reporters sans fronti\u00e8res (RSF), d\u00e9non\u00e7ant \u00ab\u00a0l\u2019usage de la force par l\u2019Autorit\u00e9 palestinienne pour faire taire les journalistes et dissimuler la r\u00e9pression des manifestants\u00a0\u00bb.<\/p>\n<p>Dimanche, le syndicat des journalistes palestiniens a appel\u00e9 au renvoi du chef de la police pour \u00ab\u00a0avoir \u00e9chou\u00e9 \u00e0 assurer la protection de journalistes qui ont \u00e9t\u00e9 agress\u00e9s et menac\u00e9s par des personnes en tenue civile, \u00e0 la vue de la police\u00a0\u00bb.<\/p>\n<p>Sollicit\u00e9e par l\u2019AFP, la police n\u2019\u00e9tait pas joignable dans l\u2019imm\u00e9diat pour commenter.<\/p>\n<p>Le Premier ministre palestinien Mohammed Shtayyeh a appel\u00e9 lundi \u00ab\u00a0au respect de la libert\u00e9 de la presse\u00a0\u00bb et invit\u00e9 \u00ab\u00a0chacun \u00e0 faire preuve d\u2019un sens \u00e9lev\u00e9 de responsabilit\u00e9\u00a0\u00bb.<\/p>\n<p>Il a aussi promis que l\u2019enqu\u00eate sur la mort de Nizar Banat serait \u00ab\u00a0professionnelle et transparente\u00a0\u00bb. Les responsables \u00ab\u00a0seront traduits devant les autorit\u00e9s comp\u00e9tentes\u00a0\u00bb, a-t-il d\u00e9clar\u00e9.<\/p>\n<p>Nizar Banat, d\u00e9c\u00e9d\u00e9 jeudi, \u00e9tait connu pour ses vid\u00e9os post\u00e9es sur les r\u00e9seaux sociaux critiquant l\u2019Autorit\u00e9 palestinienne de Mahmoud Abbas, qu\u2019il accusait de corruption.<\/p>\n<p>Sa famille a indiqu\u00e9 qu\u2019elle rejetterait les conclusions des autorit\u00e9s, appelant \u00e0 une enqu\u00eate internationale.<\/p>\n<p>\u00ab\u00a0Nous n\u2019avons pas besoin d\u2019une commission d\u2019enqu\u00eate parce que les responsables de ce crime sont des fonctionnaires bien connus\u00a0\u00bb, a accus\u00e9 son fr\u00e8re Ghassan Banat lors d\u2019une conf\u00e9rence de presse. \u00ab\u00a0La plupart des dirigeants palestiniens nous ont contact\u00e9s (\u2026) sauf le pr\u00e9sident de l\u2019Autorit\u00e9 palestinienne\u00a0\u00bb, a-t-il d\u00e9plor\u00e9.<\/p>\n<p class=\"has-text-align-right\"><strong>(AFP)<\/strong><\/p>\n<p>L\u2019article <a rel=\"nofollow\" href=\"http:\/\/albayane.press.ma\/des-journalistes-appellent-lonu-a-les-proteger.html\">Des journalistes appellent l\u2019ONU \u00e0 les \u00abprot\u00e9ger\u00bb<\/a> est apparu en premier sur <a rel=\"nofollow\" href=\"http:\/\/albayane.press.ma\/\">ALBAYANE<\/a>.<\/p>\n<\/div>\n<p>Auteur: M&rsquo;hammed rahal<br \/>\n<a href=\"http:\/\/albayane.press.ma\/des-journalistes-appellent-lonu-a-les-proteger.html\">Cliquez ici pour lire l&rsquo;article depuis sa source.<\/a><\/p>\n","protected":false},"excerpt":{"rendered":"<p>Manifestations en Cisjordanie Une cinquantaine de journalistes palestiniens ont manifest\u00e9 lundi \u00e0 Ramallah au nom de la libert\u00e9 de la presse en Cisjordanie occup\u00e9e et ont appel\u00e9 l\u2019ONU \u00e0 les \u00ab\u00a0prot\u00e9ger\u00a0\u00bb apr\u00e8s des violences lors de rassemblements contre l\u2019Autorit\u00e9 palestinienne. La mort la semaine derni\u00e8re d\u2019un militant palestinien des droits humains, Nizar Banat, alors qu\u2019il [&hellip;]<\/p>\n","protected":false},"author":1760,"featured_media":0,"comment_status":"closed","ping_status":"closed","sticky":false,"template":"","format":"standard","meta":{"fifu_image_url":"","fifu_image_alt":"","footnotes":""},"categories":[73,54],"tags":[],"class_list":["post-120402","post","type-post","status-publish","format-standard","hentry","category-actualite","category-maroc"],"_links":{"self":[{"href":"https:\/\/linitiative.ca\/International\/wp-json\/wp\/v2\/posts\/120402","targetHints":{"allow":["GET"]}}],"collection":[{"href":"https:\/\/linitiative.ca\/International\/wp-json\/wp\/v2\/posts"}],"about":[{"href":"https:\/\/linitiative.ca\/International\/wp-json\/wp\/v2\/types\/post"}],"author":[{"embeddable":true,"href":"https:\/\/linitiative.ca\/International\/wp-json\/wp\/v2\/users\/1760"}],"replies":[{"embeddable":true,"href":"https:\/\/linitiative.ca\/International\/wp-json\/wp\/v2\/comments?post=120402"}],"version-history":[{"count":0,"href":"https:\/\/linitiative.ca\/International\/wp-json\/wp\/v2\/posts\/120402\/revisions"}],"wp:attachment":[{"href":"https:\/\/linitiative.ca\/International\/wp-json\/wp\/v2\/media?parent=120402"}],"wp:term":[{"taxonomy":"category","embeddable":true,"href":"https:\/\/linitiative.ca\/International\/wp-json\/wp\/v2\/categories?post=120402"},{"taxonomy":"post_tag","embeddable":true,"href":"https:\/\/linitiative.ca\/International\/wp-json\/wp\/v2\/tags?post=120402"}],"curies":[{"name":"wp","href":"https:\/\/api.w.org\/{rel}","templated":true}]}}