{"id":120403,"date":"2021-07-04T14:00:00","date_gmt":"2021-07-04T18:00:00","guid":{"rendered":"https:\/\/linitiative.ca\/International\/decouverte-de-vestiges-archeologiques-a-lancienne-medina-de-sale\/"},"modified":"2021-07-04T14:00:00","modified_gmt":"2021-07-04T18:00:00","slug":"decouverte-de-vestiges-archeologiques-a-lancienne-medina-de-sale","status":"publish","type":"post","link":"https:\/\/linitiative.ca\/International\/decouverte-de-vestiges-archeologiques-a-lancienne-medina-de-sale\/","title":{"rendered":"D\u00e9couverte de vestiges arch\u00e9ologiques \u00e0 l\u2019ancienne m\u00e9dina de Sal\u00e9"},"content":{"rendered":"<div>\n<p class=\"has-text-align-center has-vivid-red-color has-text-color\">Lors des travaux d\u2019am\u00e9nagement du \u00abFoundouk Al Kaa Al Kadima\u00bb<\/p>\n<p class=\"has-text-color\" style=\"color:#0620e5\"><strong>Des vestiges et des structures arch\u00e9ologiques ont \u00e9t\u00e9 d\u00e9couverts lors des travaux d\u2019am\u00e9nagement du \u00abFoundouk Al Kaa Al Kadima\u00bb situ\u00e9 au centre de la m\u00e9dina de Sal\u00e9, dans le cadre du projet de r\u00e9habilitation et de valorisation de cette ancienne m\u00e9dina (2019-2023), a annonc\u00e9, vendredi, le minist\u00e8re de la Culture, de la Jeunesse et des Sports (D\u00e9partement de la Culture).<\/strong><\/p>\n<p>Suite \u00e0 une premi\u00e8re expertise effectu\u00e9e in situ par les services comp\u00e9tents de la direction r\u00e9gionale de la culture de Rabat-Sal\u00e9-K\u00e9nitra, il a \u00e9t\u00e9 convenu entre les diff\u00e9rents intervenants, sous la supervision de la Wilaya de la r\u00e9gion et de la pr\u00e9fecture de Sal\u00e9, de proc\u00e9der \u00e0 des fouilles sur le site, afin de d\u00e9terminer la nature de la d\u00e9couverte et d\u2019\u00e9tudier ses \u00e9tapes historiques, a pr\u00e9cis\u00e9 le minist\u00e8re dans un communiqu\u00e9.<\/p>\n<p>En effet, des fouilles arch\u00e9ologiques ont \u00e9t\u00e9 lanc\u00e9es, le 07 juin 2021, sur le site sous la tutelle de l\u2019Institut national des sciences de l\u2019arch\u00e9ologie et du patrimoine (INSAP) et de la Direction r\u00e9gionale du d\u00e9partement de la culture avec le concours d\u2019une entreprise sp\u00e9cialis\u00e9e dans le domaine, a ajout\u00e9 la m\u00eame source.<\/p>\n<p>Ces fouilles se poursuivent par une \u00e9quipe d\u2019arch\u00e9ologues sous la supervision du chef du d\u00e9partement d\u2019arch\u00e9ologie islamique \u00e0 l\u2019INSAP, Dr Lahcen Taouchikht, jusqu\u2019\u00e0 la premi\u00e8re semaine du mois de juillet.\u00a0 Selon le communiqu\u00e9, les fouilles ont jusqu\u2019\u00e0 pr\u00e9sent permis la d\u00e9couverte de structures arch\u00e9ologiques identifiant les grandes \u00e9tapes d\u2019utilisation du site \u00e0 travers toute son histoire.<\/p>\n<p>Elles ont aussi permis de d\u00e9couvrir de nombreux vestiges arch\u00e9ologiques, notamment de la c\u00e9ramique et du m\u00e9tal, qui t\u00e9moignent de la richesse des \u00e9tapes ayant marqu\u00e9 l\u2019utilisation des lieux, a fait savoir la m\u00eame source, notant que toutes les d\u00e9couvertes feront l\u2019objet d\u2019un rapport scientifique d\u00e9taill\u00e9 qui jettera la lumi\u00e8re sur l\u2019histoire du site.<\/p>\n<p>L\u2019article <a rel=\"nofollow\" href=\"http:\/\/albayane.press.ma\/decouverte-de-vestiges-archeologiques-a-lancienne-medina-de-sale.html\">D\u00e9couverte de vestiges arch\u00e9ologiques \u00e0 l\u2019ancienne m\u00e9dina de Sal\u00e9<\/a> est apparu en premier sur <a rel=\"nofollow\" href=\"http:\/\/albayane.press.ma\/\">ALBAYANE<\/a>.<\/p>\n<\/div>\n<p>Auteur: M&rsquo;hammed rahal<br \/>\n<a href=\"http:\/\/albayane.press.ma\/decouverte-de-vestiges-archeologiques-a-lancienne-medina-de-sale.html\">Cliquez ici pour lire l&rsquo;article depuis sa source.<\/a><\/p>\n","protected":false},"excerpt":{"rendered":"<p>Lors des travaux d\u2019am\u00e9nagement du \u00abFoundouk Al Kaa Al Kadima\u00bb Des vestiges et des structures arch\u00e9ologiques ont \u00e9t\u00e9 d\u00e9couverts lors des travaux d\u2019am\u00e9nagement du \u00abFoundouk Al Kaa Al Kadima\u00bb situ\u00e9 au centre de la m\u00e9dina de Sal\u00e9, dans le cadre du projet de r\u00e9habilitation et de valorisation de cette ancienne m\u00e9dina (2019-2023), a annonc\u00e9, vendredi, [&hellip;]<\/p>\n","protected":false},"author":1760,"featured_media":0,"comment_status":"closed","ping_status":"closed","sticky":false,"template":"","format":"standard","meta":{"fifu_image_url":"","fifu_image_alt":"","footnotes":""},"categories":[73,54],"tags":[],"class_list":["post-120403","post","type-post","status-publish","format-standard","hentry","category-actualite","category-maroc"],"_links":{"self":[{"href":"https:\/\/linitiative.ca\/International\/wp-json\/wp\/v2\/posts\/120403","targetHints":{"allow":["GET"]}}],"collection":[{"href":"https:\/\/linitiative.ca\/International\/wp-json\/wp\/v2\/posts"}],"about":[{"href":"https:\/\/linitiative.ca\/International\/wp-json\/wp\/v2\/types\/post"}],"author":[{"embeddable":true,"href":"https:\/\/linitiative.ca\/International\/wp-json\/wp\/v2\/users\/1760"}],"replies":[{"embeddable":true,"href":"https:\/\/linitiative.ca\/International\/wp-json\/wp\/v2\/comments?post=120403"}],"version-history":[{"count":0,"href":"https:\/\/linitiative.ca\/International\/wp-json\/wp\/v2\/posts\/120403\/revisions"}],"wp:attachment":[{"href":"https:\/\/linitiative.ca\/International\/wp-json\/wp\/v2\/media?parent=120403"}],"wp:term":[{"taxonomy":"category","embeddable":true,"href":"https:\/\/linitiative.ca\/International\/wp-json\/wp\/v2\/categories?post=120403"},{"taxonomy":"post_tag","embeddable":true,"href":"https:\/\/linitiative.ca\/International\/wp-json\/wp\/v2\/tags?post=120403"}],"curies":[{"name":"wp","href":"https:\/\/api.w.org\/{rel}","templated":true}]}}