{"id":120413,"date":"2021-07-05T08:38:11","date_gmt":"2021-07-05T12:38:11","guid":{"rendered":"https:\/\/linitiative.ca\/International\/la-prison-locale-dement-les-allegations-de-torture-contre-un-detenu\/"},"modified":"2021-07-05T08:38:11","modified_gmt":"2021-07-05T12:38:11","slug":"la-prison-locale-dement-les-allegations-de-torture-contre-un-detenu","status":"publish","type":"post","link":"https:\/\/linitiative.ca\/International\/la-prison-locale-dement-les-allegations-de-torture-contre-un-detenu\/","title":{"rendered":"La prison locale d\u00e9ment les all\u00e9gations de torture contre un d\u00e9tenu"},"content":{"rendered":"<div>\n<div style=\"margin-bottom:20px;\"><img loading=\"lazy\" decoding=\"async\" width=\"750\" height=\"430\" src=\"https:\/\/linitiative.ca\/International\/wp-content\/uploads\/sites\/23\/2021\/07\/prison_locale.jpg\" class=\"attachment-post-thumbnail size-post-thumbnail wp-post-image\" alt=\"\" srcset=\"https:\/\/linitiative.ca\/International\/wp-content\/uploads\/sites\/23\/2021\/07\/prison_locale.jpg 750w, http:\/\/www.mapmarrakech.ma\/map\/uploads\/2021\/07\/prison_locale-300x172.jpg 300w\" sizes=\"auto, (max-width: 750px) 100vw, 750px\"><\/div>\n<p>La Direction de l\u2019\u00e9tablissement p\u00e9nitentiaire r\u00e9agissait, dans une mise au point, \u00e0 une vid\u00e9o relay\u00e9e sur les sites \u00e9lectroniques dans laquelle la famille du d\u00e9tenu pr\u00e9tend que \u00ab\u00a0son fils a fait objet de torture et observe une gr\u00e8ve de la faim\u00a0\u00bb.<\/p>\n<p>Dans cette mise au point, la Direction de ladite prison a pr\u00e9cis\u00e9 que le d\u00e9tenu en question a fait preuve de \u00ab\u00a0mauvaise conduite\u00a0\u00bb, relevant qu\u2019en date du 20\/06\/2021, il a commis une infraction de bruit et de menace comme il a refus\u00e9 d\u2019obtemp\u00e9rer. Par cons\u00e9quent, le d\u00e9tenu a comparu devant la Commission de discipline relevant de l\u2019\u00e9tablissement qui a d\u00e9cid\u00e9 qu\u2019il soit plac\u00e9 en cellule d\u2019isolement pour 45 jours en guise de punition, a-t-on ajout\u00e9.<\/p>\n<p>Le d\u00e9tenu en question \u00ab\u00a0n\u2019a jamais fait l\u2019objet d\u2019une forme quelconque de torture ou de mauvais traitement\u00a0\u00bb, souligne la Direction, notant que ce d\u00e9tenu, qui n\u2019a pr\u00e9sent\u00e9 aucun pr\u00e9avis de gr\u00e8ve de la faim, re\u00e7oit ses repas quotidiennement et jouit de tous les droits qui lui sont garantis par la loi, y compris l\u2019acc\u00e8s aux soins de sant\u00e9.<\/p>\n<p>Les all\u00e9gations mensong\u00e8res qui circulent sur les r\u00e9seaux sociaux et les sites d\u2019information ne vont pas dissuader la Direction de l\u2019\u00e9tablissement p\u00e9nitentiaire d\u2019appliquer strictement les dispositions l\u00e9gales, en r\u00e9primandant toute violation de son r\u00e8glement interne et en s\u2019opposant \u00e0 toute tentative visant \u00e0 obtenir des privil\u00e8ges ill\u00e9gaux, a conclu la m\u00eame source.<\/p>\n<p>The post <a rel=\"nofollow\" href=\"http:\/\/www.mapmarrakech.ma\/fr\/la-prison-de-loudaya-dement-les-allegations-de-torture-contre-un-detenu\/\">La prison locale d\u00e9ment les all\u00e9gations de torture contre un d\u00e9tenu<\/a> appeared first on <a rel=\"nofollow\" href=\"http:\/\/www.mapmarrakech.ma\/fr\">MapMarrakech<\/a>.<\/p>\n<\/div>\n<p>Auteur: Meriem IGASS<br \/>\n<a href=\"http:\/\/www.mapmarrakech.ma\/fr\/la-prison-de-loudaya-dement-les-allegations-de-torture-contre-un-detenu\/\">Cliquez ici pour lire l&rsquo;article depuis sa source.<\/a><\/p>\n","protected":false},"excerpt":{"rendered":"<p>La Direction de l\u2019\u00e9tablissement p\u00e9nitentiaire r\u00e9agissait, dans une mise au point, \u00e0 une vid\u00e9o relay\u00e9e sur les sites \u00e9lectroniques dans laquelle la famille du d\u00e9tenu pr\u00e9tend que \u00ab\u00a0son fils a fait objet de torture et observe une gr\u00e8ve de la faim\u00a0\u00bb. Dans cette mise au point, la Direction de ladite prison a pr\u00e9cis\u00e9 que le [&hellip;]<\/p>\n","protected":false},"author":1788,"featured_media":0,"comment_status":"closed","ping_status":"closed","sticky":false,"template":"","format":"standard","meta":{"fifu_image_url":"http:\/\/www.mapmarrakech.ma\/map\/uploads\/2021\/07\/prison_locale.jpg","fifu_image_alt":"La prison locale d\u00e9ment les all\u00e9gations de torture contre un d\u00e9tenu","footnotes":""},"categories":[54,76],"tags":[],"class_list":["post-120413","post","type-post","status-publish","format-standard","hentry","category-maroc","category-regions"],"_links":{"self":[{"href":"https:\/\/linitiative.ca\/International\/wp-json\/wp\/v2\/posts\/120413","targetHints":{"allow":["GET"]}}],"collection":[{"href":"https:\/\/linitiative.ca\/International\/wp-json\/wp\/v2\/posts"}],"about":[{"href":"https:\/\/linitiative.ca\/International\/wp-json\/wp\/v2\/types\/post"}],"author":[{"embeddable":true,"href":"https:\/\/linitiative.ca\/International\/wp-json\/wp\/v2\/users\/1788"}],"replies":[{"embeddable":true,"href":"https:\/\/linitiative.ca\/International\/wp-json\/wp\/v2\/comments?post=120413"}],"version-history":[{"count":0,"href":"https:\/\/linitiative.ca\/International\/wp-json\/wp\/v2\/posts\/120413\/revisions"}],"wp:attachment":[{"href":"https:\/\/linitiative.ca\/International\/wp-json\/wp\/v2\/media?parent=120413"}],"wp:term":[{"taxonomy":"category","embeddable":true,"href":"https:\/\/linitiative.ca\/International\/wp-json\/wp\/v2\/categories?post=120413"},{"taxonomy":"post_tag","embeddable":true,"href":"https:\/\/linitiative.ca\/International\/wp-json\/wp\/v2\/tags?post=120413"}],"curies":[{"name":"wp","href":"https:\/\/api.w.org\/{rel}","templated":true}]}}