{"id":120417,"date":"2021-07-05T11:29:06","date_gmt":"2021-07-05T15:29:06","guid":{"rendered":"https:\/\/linitiative.ca\/International\/lactivite-economique-prevue-en-progression-de-72-au-t3-2021\/"},"modified":"2021-07-05T11:29:06","modified_gmt":"2021-07-05T15:29:06","slug":"lactivite-economique-prevue-en-progression-de-72-au-t3-2021","status":"publish","type":"post","link":"https:\/\/linitiative.ca\/International\/lactivite-economique-prevue-en-progression-de-72-au-t3-2021\/","title":{"rendered":"L\u2019activit\u00e9 \u00e9conomique pr\u00e9vue en progression de 7,2% au T3-2021"},"content":{"rendered":"<div>\n<div style=\"margin-bottom:20px;\"><img loading=\"lazy\" decoding=\"async\" width=\"750\" height=\"430\" src=\"https:\/\/linitiative.ca\/International\/wp-content\/uploads\/sites\/23\/2021\/07\/HCP.jpg\" class=\"attachment-post-thumbnail size-post-thumbnail wp-post-image\" alt=\"\" srcset=\"https:\/\/linitiative.ca\/International\/wp-content\/uploads\/sites\/23\/2021\/07\/HCP.jpg 750w, http:\/\/www.mapmarrakech.ma\/map\/uploads\/2021\/06\/HCP-300x172.jpg 300w\" sizes=\"auto, (max-width: 750px) 100vw, 750px\"><\/div>\n<p>\u00ab\u00a0Compte tenu d\u2019une hausse de 19,1% de la valeur ajout\u00e9e agricole et d\u2019un accroissement de 5,4% des secteurs hors agriculture, l\u2019activit\u00e9 \u00e9conomique progresserait de 7,2% au troisi\u00e8me trimestre 2021, au lieu d\u2019une contraction de -6,7% au m\u00eame trimestre de l\u2019ann\u00e9e pr\u00e9c\u00e9dente\u00a0\u00bb, indique le HCP qui vient de rendre public son point de conjoncture du T2-2021 et perspectives pour le T3-2021.<\/p>\n<p>La valeur ajout\u00e9e hors agriculture afficherait un accroissement de 5,4%, au troisi\u00e8me trimestre 2021, en glissement annuel, fait savoir la m\u00eame source, ajoutant que dans le secteur tertiaire, l\u2019activit\u00e9 poursuivrait son am\u00e9lioration dans les services marchands notamment de commerce, de transport et de la restauration.<\/p>\n<p>Dans l\u2019ensemble, le secteur tertiaire contribuerait pour +2,9 points \u00e0 l\u2019\u00e9volution du PIB, au lieu de +1,1 point pour le secondaire.<\/p>\n<p>Dans le m\u00eame sillage, les activit\u00e9s industrielles, d\u2019\u00e9lectricit\u00e9 et de construction poursuivraient leur raffermissement amorc\u00e9 au d\u00e9but de l\u2019ann\u00e9e. En revanche, la croissance de l\u2019activit\u00e9 mini\u00e8re ralentirait, s\u2019\u00e9tablissant \u00e0 +1,6%, en rythme annuel, au lieu de +4,2% une ann\u00e9e auparavant.<\/p>\n<p>Le HCP estime \u00e9galement que la valeur ajout\u00e9e agricole croitrait de 19,1%, en variation annuelle, portant sa contribution \u00e0 la croissance \u00e9conomique globale \u00e0 2,1 points. L\u2019\u00e9volution de la production v\u00e9g\u00e9tale resterait soutenue, mais la forte progression de la production animale, enregistr\u00e9e au deuxi\u00e8me trimestre 2021, s\u2019amortirait progressivement au troisi\u00e8me trimestre, avec la dissipation progressive de l\u2019effet de l\u2019ajustement de base li\u00e9 au confinement sanitaire qui \u00e9tait op\u00e9r\u00e9 au deuxi\u00e8me trimestre de 2020.<\/p>\n<p>Pour sa part, la demande int\u00e9rieure nationale poursuivrait son redressement pour le troisi\u00e8me trimestre successif, port\u00e9e par la hausse des d\u00e9penses des m\u00e9nages, dans un contexte de raffermissement des achats de biens alimentaires et manufactur\u00e9s et d\u2019un accroissement des d\u00e9penses de restauration, des services de loisirs et de transport.<\/p>\n<p>Les d\u00e9penses publiques resteraient relativement dynamiques, situant la hausse de la consommation publique \u00e0 4,3%.<\/p>\n<p>The post <a rel=\"nofollow\" href=\"http:\/\/www.mapmarrakech.ma\/fr\/lactivite-economique-prevue-en-progression-de-72-au-t3-2021\/\">L\u2019activit\u00e9 \u00e9conomique pr\u00e9vue en progression de 7,2% au T3-2021<\/a> appeared first on <a rel=\"nofollow\" href=\"http:\/\/www.mapmarrakech.ma\/fr\">MapMarrakech<\/a>.<\/p>\n<\/div>\n<p>Auteur: Meriem IGASS<br \/>\n<a href=\"http:\/\/www.mapmarrakech.ma\/fr\/lactivite-economique-prevue-en-progression-de-72-au-t3-2021\/\">Cliquez ici pour lire l&rsquo;article depuis sa source.<\/a><\/p>\n","protected":false},"excerpt":{"rendered":"<p>\u00ab\u00a0Compte tenu d\u2019une hausse de 19,1% de la valeur ajout\u00e9e agricole et d\u2019un accroissement de 5,4% des secteurs hors agriculture, l\u2019activit\u00e9 \u00e9conomique progresserait de 7,2% au troisi\u00e8me trimestre 2021, au lieu d\u2019une contraction de -6,7% au m\u00eame trimestre de l\u2019ann\u00e9e pr\u00e9c\u00e9dente\u00a0\u00bb, indique le HCP qui vient de rendre public son point de conjoncture du T2-2021 [&hellip;]<\/p>\n","protected":false},"author":1788,"featured_media":0,"comment_status":"closed","ping_status":"closed","sticky":false,"template":"","format":"standard","meta":{"fifu_image_url":"http:\/\/www.mapmarrakech.ma\/map\/uploads\/2021\/06\/HCP.jpg","fifu_image_alt":"L\u2019activit\u00e9 \u00e9conomique pr\u00e9vue en progression de 7,2% au T3-2021","footnotes":""},"categories":[54,76],"tags":[],"class_list":["post-120417","post","type-post","status-publish","format-standard","hentry","category-maroc","category-regions"],"_links":{"self":[{"href":"https:\/\/linitiative.ca\/International\/wp-json\/wp\/v2\/posts\/120417","targetHints":{"allow":["GET"]}}],"collection":[{"href":"https:\/\/linitiative.ca\/International\/wp-json\/wp\/v2\/posts"}],"about":[{"href":"https:\/\/linitiative.ca\/International\/wp-json\/wp\/v2\/types\/post"}],"author":[{"embeddable":true,"href":"https:\/\/linitiative.ca\/International\/wp-json\/wp\/v2\/users\/1788"}],"replies":[{"embeddable":true,"href":"https:\/\/linitiative.ca\/International\/wp-json\/wp\/v2\/comments?post=120417"}],"version-history":[{"count":0,"href":"https:\/\/linitiative.ca\/International\/wp-json\/wp\/v2\/posts\/120417\/revisions"}],"wp:attachment":[{"href":"https:\/\/linitiative.ca\/International\/wp-json\/wp\/v2\/media?parent=120417"}],"wp:term":[{"taxonomy":"category","embeddable":true,"href":"https:\/\/linitiative.ca\/International\/wp-json\/wp\/v2\/categories?post=120417"},{"taxonomy":"post_tag","embeddable":true,"href":"https:\/\/linitiative.ca\/International\/wp-json\/wp\/v2\/tags?post=120417"}],"curies":[{"name":"wp","href":"https:\/\/api.w.org\/{rel}","templated":true}]}}