{"id":120419,"date":"2021-07-05T10:08:42","date_gmt":"2021-07-05T14:08:42","guid":{"rendered":"https:\/\/linitiative.ca\/International\/huawei-nouveau-president-afrique-du-nord\/"},"modified":"2021-07-05T10:08:42","modified_gmt":"2021-07-05T14:08:42","slug":"huawei-nouveau-president-afrique-du-nord","status":"publish","type":"post","link":"https:\/\/linitiative.ca\/International\/huawei-nouveau-president-afrique-du-nord\/","title":{"rendered":"Huawei: Nouveau pr\u00e9sident Afrique du Nord"},"content":{"rendered":"<div>\n<div class=\"field field-name-body field-type-text-with-summary field-label-hidden\">\n<div class=\"field-items\">\n<div class=\"field-item even\" property=\"content:encoded\">\n<p class=\"rtejustify\">Le groupe Huawei vient d\u2019annoncer la nomination de Terry HE en tant que pr\u00e9sident de Huawei Northern Africa.<\/p>\n<p class=\"rtejustify\">Le tout nouveau pr\u00e9sident de la r\u00e9gion, dont rel\u00e8ve le Maroc, a pour mission de coordonner l\u2019ensemble des activit\u00e9s du groupe dans les 28 pays africains de la r\u00e9gion. Par ailleurs, Terry HE sera charg\u00e9 de renforcer les investissements de Huawei dans les infrastructures num\u00e9riques et la formation des jeunes talents en Afrique.<\/p>\n<\/div>\n<\/div>\n<\/div>\n<\/div>\n<p>Auteur: mbasraoui<br \/>\n<a href=\"https:\/\/www.leconomiste.com\/flash-infos\/huawei-nouveau-president-afrique-du-nord\">Cliquez ici pour lire l&rsquo;article depuis sa source.<\/a><\/p>\n","protected":false},"excerpt":{"rendered":"<p>Le groupe Huawei vient d\u2019annoncer la nomination de Terry HE en tant que pr\u00e9sident de Huawei Northern Africa. Le tout nouveau pr\u00e9sident de la r\u00e9gion, dont rel\u00e8ve le Maroc, a pour mission de coordonner l\u2019ensemble des activit\u00e9s du groupe dans les 28 pays africains de la r\u00e9gion. Par ailleurs, Terry HE sera charg\u00e9 de renforcer [&hellip;]<\/p>\n","protected":false},"author":1763,"featured_media":0,"comment_status":"closed","ping_status":"closed","sticky":false,"template":"","format":"standard","meta":{"fifu_image_url":"","fifu_image_alt":"","footnotes":""},"categories":[78,54],"tags":[],"class_list":["post-120419","post","type-post","status-publish","format-standard","hentry","category-economie","category-maroc"],"_links":{"self":[{"href":"https:\/\/linitiative.ca\/International\/wp-json\/wp\/v2\/posts\/120419","targetHints":{"allow":["GET"]}}],"collection":[{"href":"https:\/\/linitiative.ca\/International\/wp-json\/wp\/v2\/posts"}],"about":[{"href":"https:\/\/linitiative.ca\/International\/wp-json\/wp\/v2\/types\/post"}],"author":[{"embeddable":true,"href":"https:\/\/linitiative.ca\/International\/wp-json\/wp\/v2\/users\/1763"}],"replies":[{"embeddable":true,"href":"https:\/\/linitiative.ca\/International\/wp-json\/wp\/v2\/comments?post=120419"}],"version-history":[{"count":0,"href":"https:\/\/linitiative.ca\/International\/wp-json\/wp\/v2\/posts\/120419\/revisions"}],"wp:attachment":[{"href":"https:\/\/linitiative.ca\/International\/wp-json\/wp\/v2\/media?parent=120419"}],"wp:term":[{"taxonomy":"category","embeddable":true,"href":"https:\/\/linitiative.ca\/International\/wp-json\/wp\/v2\/categories?post=120419"},{"taxonomy":"post_tag","embeddable":true,"href":"https:\/\/linitiative.ca\/International\/wp-json\/wp\/v2\/tags?post=120419"}],"curies":[{"name":"wp","href":"https:\/\/api.w.org\/{rel}","templated":true}]}}