{"id":120422,"date":"2021-07-05T11:06:12","date_gmt":"2021-07-05T15:06:12","guid":{"rendered":"https:\/\/linitiative.ca\/International\/covid-pres-de-71-000-nouvelles-doses-administrees\/"},"modified":"2021-07-05T11:06:12","modified_gmt":"2021-07-05T15:06:12","slug":"covid-pres-de-71-000-nouvelles-doses-administrees","status":"publish","type":"post","link":"https:\/\/linitiative.ca\/International\/covid-pres-de-71-000-nouvelles-doses-administrees\/","title":{"rendered":"Covid: Pr\u00e8s de 71.000 nouvelles doses administr\u00e9es"},"content":{"rendered":"<div>\n<div class=\"field field-name-body field-type-text-with-summary field-label-hidden\">\n<div class=\"field-items\">\n<div class=\"field-item even\" property=\"content:encoded\">\n<p class=\"rtejustify\">Quelque <strong>247<\/strong> nouveaux cas d&rsquo;infection au coronavirus (Covid-19) et <strong>411<\/strong> gu\u00e9risons ont \u00e9t\u00e9 enregistr\u00e9s au Maroc au cours des derni\u00e8res 24 heures, a indiqu\u00e9 lundi le minist\u00e8re de la Sant\u00e9. Le nombre de personnes ayant re\u00e7u la premi\u00e8re dose du vaccin atteint\u00a0<strong>10.119.393<\/strong>, alors que celui des personnes compl\u00e8tement vaccin\u00e9es (1\u00e8re et 2\u00e8me doses) s&rsquo;\u00e9l\u00e8ve \u00e0 <strong>9.181.595<\/strong>, a pr\u00e9cis\u00e9 le minist\u00e8re dans son bulletin quotidien sur la situation du Covid-19.<\/p>\n<\/div>\n<\/div>\n<\/div>\n<\/div>\n<p>Auteur: hgueye<br \/>\n<a href=\"https:\/\/www.leconomiste.com\/flash-infos\/covid-pres-de-71-000-nouvelles-doses-administrees\">Cliquez ici pour lire l&rsquo;article depuis sa source.<\/a><\/p>\n","protected":false},"excerpt":{"rendered":"<p>Quelque 247 nouveaux cas d&rsquo;infection au coronavirus (Covid-19) et 411 gu\u00e9risons ont \u00e9t\u00e9 enregistr\u00e9s au Maroc au cours des derni\u00e8res 24 heures, a indiqu\u00e9 lundi le minist\u00e8re de la Sant\u00e9. Le nombre de personnes ayant re\u00e7u la premi\u00e8re dose du vaccin atteint\u00a010.119.393, alors que celui des personnes compl\u00e8tement vaccin\u00e9es (1\u00e8re et 2\u00e8me doses) s&rsquo;\u00e9l\u00e8ve \u00e0 [&hellip;]<\/p>\n","protected":false},"author":1763,"featured_media":0,"comment_status":"closed","ping_status":"closed","sticky":false,"template":"","format":"standard","meta":{"fifu_image_url":"","fifu_image_alt":"","footnotes":""},"categories":[78,54],"tags":[],"class_list":["post-120422","post","type-post","status-publish","format-standard","hentry","category-economie","category-maroc"],"_links":{"self":[{"href":"https:\/\/linitiative.ca\/International\/wp-json\/wp\/v2\/posts\/120422","targetHints":{"allow":["GET"]}}],"collection":[{"href":"https:\/\/linitiative.ca\/International\/wp-json\/wp\/v2\/posts"}],"about":[{"href":"https:\/\/linitiative.ca\/International\/wp-json\/wp\/v2\/types\/post"}],"author":[{"embeddable":true,"href":"https:\/\/linitiative.ca\/International\/wp-json\/wp\/v2\/users\/1763"}],"replies":[{"embeddable":true,"href":"https:\/\/linitiative.ca\/International\/wp-json\/wp\/v2\/comments?post=120422"}],"version-history":[{"count":0,"href":"https:\/\/linitiative.ca\/International\/wp-json\/wp\/v2\/posts\/120422\/revisions"}],"wp:attachment":[{"href":"https:\/\/linitiative.ca\/International\/wp-json\/wp\/v2\/media?parent=120422"}],"wp:term":[{"taxonomy":"category","embeddable":true,"href":"https:\/\/linitiative.ca\/International\/wp-json\/wp\/v2\/categories?post=120422"},{"taxonomy":"post_tag","embeddable":true,"href":"https:\/\/linitiative.ca\/International\/wp-json\/wp\/v2\/tags?post=120422"}],"curies":[{"name":"wp","href":"https:\/\/api.w.org\/{rel}","templated":true}]}}