{"id":120423,"date":"2021-07-05T13:05:54","date_gmt":"2021-07-05T17:05:54","guid":{"rendered":"https:\/\/linitiative.ca\/International\/le-roi-preside-la-signature-de-conventions-relatives-au-projet-de-fabrication-au-maroc-du-vaccin-anti-covid19-et-autres-vaccins\/"},"modified":"2021-07-05T13:05:54","modified_gmt":"2021-07-05T17:05:54","slug":"le-roi-preside-la-signature-de-conventions-relatives-au-projet-de-fabrication-au-maroc-du-vaccin-anti-covid19-et-autres-vaccins","status":"publish","type":"post","link":"https:\/\/linitiative.ca\/International\/le-roi-preside-la-signature-de-conventions-relatives-au-projet-de-fabrication-au-maroc-du-vaccin-anti-covid19-et-autres-vaccins\/","title":{"rendered":"Le Roi pr\u00e9side la signature de conventions relatives au projet de fabrication au Maroc du vaccin anti-Covid19 et autres vaccins"},"content":{"rendered":"<div>\n<div class=\"field field-name-body field-type-text-with-summary field-label-hidden\">\n<div class=\"field-items\">\n<div class=\"field-item even\" property=\"content:encoded\">\n<p class=\"rtejustify\">Le Roi Mohammed VI\u00a0a pr\u00e9sid\u00e9, ce lundi 5 juillet 2021 au Palais Royal de F\u00e8s, la c\u00e9r\u00e9monie de lancement et de signature de conventions relatives au projet de fabrication et de mise en seringue au Maroc du vaccin anti-Covid19 et autres vaccins. Ce projet structurant s\u2019inscrit dans le cadre de la volont\u00e9 du Souverain de doter le Royaume de capacit\u00e9s industrielles et biotechnologiques compl\u00e8tes et int\u00e9gr\u00e9es, d\u00e9di\u00e9es \u00e0 la fabrication de vaccins au Maroc.<\/p>\n<\/div>\n<\/div>\n<\/div>\n<\/div>\n<p>Auteur: hgueye<br \/>\n<a href=\"https:\/\/www.leconomiste.com\/flash-infos\/le-roi-preside-la-signature-de-conventions-relatives-au-projet-de-fabrication-au-maroc\">Cliquez ici pour lire l&rsquo;article depuis sa source.<\/a><\/p>\n","protected":false},"excerpt":{"rendered":"<p>Le Roi Mohammed VI\u00a0a pr\u00e9sid\u00e9, ce lundi 5 juillet 2021 au Palais Royal de F\u00e8s, la c\u00e9r\u00e9monie de lancement et de signature de conventions relatives au projet de fabrication et de mise en seringue au Maroc du vaccin anti-Covid19 et autres vaccins. Ce projet structurant s\u2019inscrit dans le cadre de la volont\u00e9 du Souverain de [&hellip;]<\/p>\n","protected":false},"author":1763,"featured_media":0,"comment_status":"closed","ping_status":"closed","sticky":false,"template":"","format":"standard","meta":{"fifu_image_url":"","fifu_image_alt":"","footnotes":""},"categories":[78,54],"tags":[],"class_list":["post-120423","post","type-post","status-publish","format-standard","hentry","category-economie","category-maroc"],"_links":{"self":[{"href":"https:\/\/linitiative.ca\/International\/wp-json\/wp\/v2\/posts\/120423","targetHints":{"allow":["GET"]}}],"collection":[{"href":"https:\/\/linitiative.ca\/International\/wp-json\/wp\/v2\/posts"}],"about":[{"href":"https:\/\/linitiative.ca\/International\/wp-json\/wp\/v2\/types\/post"}],"author":[{"embeddable":true,"href":"https:\/\/linitiative.ca\/International\/wp-json\/wp\/v2\/users\/1763"}],"replies":[{"embeddable":true,"href":"https:\/\/linitiative.ca\/International\/wp-json\/wp\/v2\/comments?post=120423"}],"version-history":[{"count":0,"href":"https:\/\/linitiative.ca\/International\/wp-json\/wp\/v2\/posts\/120423\/revisions"}],"wp:attachment":[{"href":"https:\/\/linitiative.ca\/International\/wp-json\/wp\/v2\/media?parent=120423"}],"wp:term":[{"taxonomy":"category","embeddable":true,"href":"https:\/\/linitiative.ca\/International\/wp-json\/wp\/v2\/categories?post=120423"},{"taxonomy":"post_tag","embeddable":true,"href":"https:\/\/linitiative.ca\/International\/wp-json\/wp\/v2\/tags?post=120423"}],"curies":[{"name":"wp","href":"https:\/\/api.w.org\/{rel}","templated":true}]}}