{"id":120424,"date":"2021-07-05T15:14:41","date_gmt":"2021-07-05T19:14:41","guid":{"rendered":"https:\/\/linitiative.ca\/International\/tottenham-dele-alli-ne-rejette-pas-la-faute-sur-mourinho\/"},"modified":"2021-07-05T15:14:41","modified_gmt":"2021-07-05T19:14:41","slug":"tottenham-dele-alli-ne-rejette-pas-la-faute-sur-mourinho","status":"publish","type":"post","link":"https:\/\/linitiative.ca\/International\/tottenham-dele-alli-ne-rejette-pas-la-faute-sur-mourinho\/","title":{"rendered":"Tottenham : Dele Alli ne rejette pas la faute sur Mourinho"},"content":{"rendered":"<div>A l&rsquo;occasion d&rsquo;un entretien exclusif accord\u00e9 \u00e0 Goal, Dele Alli est revenu sur sa saison totalement manqu\u00e9e<img loading=\"lazy\" decoding=\"async\" src=\"http:\/\/feeds.feedburner.com\/~r\/GalerieFArtciles\/~4\/1f73vjmCH-I\" height=\"1\" width=\"1\" alt=\"\"><\/div>\n<p>Auteur:<br \/>\n<a href=\"http:\/\/www.lebuteur.com\/article\/detail?titre=tottenham-dele-alli-ne-rejette-pas-la-faute-sur-mourinho&#038;id=100547&#038;utm_source=feedburner&#038;utm_medium=feed&#038;utm_campaign=Feed%3A+GalerieFArtciles+%28Les+derniers+articles++-+lebuteur.com%29\">Cliquez ici pour lire l&rsquo;article depuis sa source.<\/a><\/p>\n","protected":false},"excerpt":{"rendered":"<p>A l&rsquo;occasion d&rsquo;un entretien exclusif accord\u00e9 \u00e0 Goal, Dele Alli est revenu sur sa saison totalement manqu\u00e9e Auteur: Cliquez ici pour lire l&rsquo;article depuis sa source.<\/p>\n","protected":false},"author":1738,"featured_media":0,"comment_status":"closed","ping_status":"closed","sticky":false,"template":"","format":"standard","meta":{"fifu_image_url":"http:\/\/feeds.feedburner.com\/~r\/GalerieFArtciles\/~4\/1f73vjmCH-I","fifu_image_alt":"Tottenham : Dele Alli ne rejette pas la faute sur Mourinho","footnotes":""},"categories":[53,75],"tags":[],"class_list":["post-120424","post","type-post","status-publish","format-standard","hentry","category-algerie","category-sport"],"_links":{"self":[{"href":"https:\/\/linitiative.ca\/International\/wp-json\/wp\/v2\/posts\/120424","targetHints":{"allow":["GET"]}}],"collection":[{"href":"https:\/\/linitiative.ca\/International\/wp-json\/wp\/v2\/posts"}],"about":[{"href":"https:\/\/linitiative.ca\/International\/wp-json\/wp\/v2\/types\/post"}],"author":[{"embeddable":true,"href":"https:\/\/linitiative.ca\/International\/wp-json\/wp\/v2\/users\/1738"}],"replies":[{"embeddable":true,"href":"https:\/\/linitiative.ca\/International\/wp-json\/wp\/v2\/comments?post=120424"}],"version-history":[{"count":0,"href":"https:\/\/linitiative.ca\/International\/wp-json\/wp\/v2\/posts\/120424\/revisions"}],"wp:attachment":[{"href":"https:\/\/linitiative.ca\/International\/wp-json\/wp\/v2\/media?parent=120424"}],"wp:term":[{"taxonomy":"category","embeddable":true,"href":"https:\/\/linitiative.ca\/International\/wp-json\/wp\/v2\/categories?post=120424"},{"taxonomy":"post_tag","embeddable":true,"href":"https:\/\/linitiative.ca\/International\/wp-json\/wp\/v2\/tags?post=120424"}],"curies":[{"name":"wp","href":"https:\/\/api.w.org\/{rel}","templated":true}]}}