{"id":120425,"date":"2021-07-05T15:14:43","date_gmt":"2021-07-05T19:14:43","guid":{"rendered":"https:\/\/linitiative.ca\/International\/le-real-veut-un-joueur-de-man-united-en-echange-de-varane\/"},"modified":"2021-07-05T15:14:43","modified_gmt":"2021-07-05T19:14:43","slug":"le-real-veut-un-joueur-de-man-united-en-echange-de-varane","status":"publish","type":"post","link":"https:\/\/linitiative.ca\/International\/le-real-veut-un-joueur-de-man-united-en-echange-de-varane\/","title":{"rendered":"Le Real veut un joueur de Man United en \u00e9change de Varane"},"content":{"rendered":"<div>Les dirigeants madril\u00e8nes pr\u00e9parent une offre pour un joueur de Manchester United<img loading=\"lazy\" decoding=\"async\" src=\"http:\/\/feeds.feedburner.com\/~r\/GalerieFArtciles\/~4\/mBOPepIw0gM\" height=\"1\" width=\"1\" alt=\"\"><\/div>\n<p>Auteur:<br \/>\n<a href=\"http:\/\/www.lebuteur.com\/article\/detail?titre=le-real-veut-un-joueur-de-man-united-en-echange-de-varane&#038;id=100548&#038;utm_source=feedburner&#038;utm_medium=feed&#038;utm_campaign=Feed%3A+GalerieFArtciles+%28Les+derniers+articles++-+lebuteur.com%29\">Cliquez ici pour lire l&rsquo;article depuis sa source.<\/a><\/p>\n","protected":false},"excerpt":{"rendered":"<p>Les dirigeants madril\u00e8nes pr\u00e9parent une offre pour un joueur de Manchester United Auteur: Cliquez ici pour lire l&rsquo;article depuis sa source.<\/p>\n","protected":false},"author":1738,"featured_media":0,"comment_status":"closed","ping_status":"closed","sticky":false,"template":"","format":"standard","meta":{"fifu_image_url":"http:\/\/feeds.feedburner.com\/~r\/GalerieFArtciles\/~4\/mBOPepIw0gM","fifu_image_alt":"Le Real veut un joueur de Man United en \u00e9change de Varane","footnotes":""},"categories":[53,75],"tags":[],"class_list":["post-120425","post","type-post","status-publish","format-standard","hentry","category-algerie","category-sport"],"_links":{"self":[{"href":"https:\/\/linitiative.ca\/International\/wp-json\/wp\/v2\/posts\/120425","targetHints":{"allow":["GET"]}}],"collection":[{"href":"https:\/\/linitiative.ca\/International\/wp-json\/wp\/v2\/posts"}],"about":[{"href":"https:\/\/linitiative.ca\/International\/wp-json\/wp\/v2\/types\/post"}],"author":[{"embeddable":true,"href":"https:\/\/linitiative.ca\/International\/wp-json\/wp\/v2\/users\/1738"}],"replies":[{"embeddable":true,"href":"https:\/\/linitiative.ca\/International\/wp-json\/wp\/v2\/comments?post=120425"}],"version-history":[{"count":0,"href":"https:\/\/linitiative.ca\/International\/wp-json\/wp\/v2\/posts\/120425\/revisions"}],"wp:attachment":[{"href":"https:\/\/linitiative.ca\/International\/wp-json\/wp\/v2\/media?parent=120425"}],"wp:term":[{"taxonomy":"category","embeddable":true,"href":"https:\/\/linitiative.ca\/International\/wp-json\/wp\/v2\/categories?post=120425"},{"taxonomy":"post_tag","embeddable":true,"href":"https:\/\/linitiative.ca\/International\/wp-json\/wp\/v2\/tags?post=120425"}],"curies":[{"name":"wp","href":"https:\/\/api.w.org\/{rel}","templated":true}]}}