{"id":120426,"date":"2021-07-05T15:14:44","date_gmt":"2021-07-05T19:14:44","guid":{"rendered":"https:\/\/linitiative.ca\/International\/man-city-un-joueur-du-barca-en-cas-dechec-dans-le-dossier-harry-kane\/"},"modified":"2021-07-05T15:14:44","modified_gmt":"2021-07-05T19:14:44","slug":"man-city-un-joueur-du-barca-en-cas-dechec-dans-le-dossier-harry-kane","status":"publish","type":"post","link":"https:\/\/linitiative.ca\/International\/man-city-un-joueur-du-barca-en-cas-dechec-dans-le-dossier-harry-kane\/","title":{"rendered":"Man City : Un joueur du Bar\u00e7a en cas d&rsquo;\u00e9chec dans le dossier Harry Kane ?"},"content":{"rendered":"<div>Manchester City a d\u00e9sign\u00e9 Harry Kane comme la priorit\u00e9 de son mercato cet \u00e9t\u00e9. Mais ce transfert s\u2019annonce compliqu\u00e9&#8230;<img loading=\"lazy\" decoding=\"async\" src=\"http:\/\/feeds.feedburner.com\/~r\/GalerieFArtciles\/~4\/_FxwscfJTtk\" height=\"1\" width=\"1\" alt=\"\"><\/div>\n<p>Auteur:<br \/>\n<a href=\"http:\/\/www.lebuteur.com\/article\/detail?titre=man-city-un-joueur-du-barca-en-cas-dechec-dans-le-dossier-harry-kane&#038;id=100549&#038;utm_source=feedburner&#038;utm_medium=feed&#038;utm_campaign=Feed%3A+GalerieFArtciles+%28Les+derniers+articles++-+lebuteur.com%29\">Cliquez ici pour lire l&rsquo;article depuis sa source.<\/a><\/p>\n","protected":false},"excerpt":{"rendered":"<p>Manchester City a d\u00e9sign\u00e9 Harry Kane comme la priorit\u00e9 de son mercato cet \u00e9t\u00e9. Mais ce transfert s\u2019annonce compliqu\u00e9&#8230; Auteur: Cliquez ici pour lire l&rsquo;article depuis sa source.<\/p>\n","protected":false},"author":1738,"featured_media":0,"comment_status":"closed","ping_status":"closed","sticky":false,"template":"","format":"standard","meta":{"fifu_image_url":"http:\/\/feeds.feedburner.com\/~r\/GalerieFArtciles\/~4\/_FxwscfJTtk","fifu_image_alt":"<div>Man City : Un joueur du Bar\u00e7a en cas d'\u00e9chec dans le dossier Harry Kane ?<\/div>","footnotes":""},"categories":[53,75],"tags":[],"class_list":["post-120426","post","type-post","status-publish","format-standard","hentry","category-algerie","category-sport"],"_links":{"self":[{"href":"https:\/\/linitiative.ca\/International\/wp-json\/wp\/v2\/posts\/120426","targetHints":{"allow":["GET"]}}],"collection":[{"href":"https:\/\/linitiative.ca\/International\/wp-json\/wp\/v2\/posts"}],"about":[{"href":"https:\/\/linitiative.ca\/International\/wp-json\/wp\/v2\/types\/post"}],"author":[{"embeddable":true,"href":"https:\/\/linitiative.ca\/International\/wp-json\/wp\/v2\/users\/1738"}],"replies":[{"embeddable":true,"href":"https:\/\/linitiative.ca\/International\/wp-json\/wp\/v2\/comments?post=120426"}],"version-history":[{"count":0,"href":"https:\/\/linitiative.ca\/International\/wp-json\/wp\/v2\/posts\/120426\/revisions"}],"wp:attachment":[{"href":"https:\/\/linitiative.ca\/International\/wp-json\/wp\/v2\/media?parent=120426"}],"wp:term":[{"taxonomy":"category","embeddable":true,"href":"https:\/\/linitiative.ca\/International\/wp-json\/wp\/v2\/categories?post=120426"},{"taxonomy":"post_tag","embeddable":true,"href":"https:\/\/linitiative.ca\/International\/wp-json\/wp\/v2\/tags?post=120426"}],"curies":[{"name":"wp","href":"https:\/\/api.w.org\/{rel}","templated":true}]}}