{"id":120428,"date":"2021-07-05T15:14:48","date_gmt":"2021-07-05T19:14:48","guid":{"rendered":"https:\/\/linitiative.ca\/International\/racisme-les-excuses-tres-maladroites-dousmane-dembele\/"},"modified":"2021-07-05T15:14:48","modified_gmt":"2021-07-05T19:14:48","slug":"racisme-les-excuses-tres-maladroites-dousmane-dembele","status":"publish","type":"post","link":"https:\/\/linitiative.ca\/International\/racisme-les-excuses-tres-maladroites-dousmane-dembele\/","title":{"rendered":"Racisme : Les excuses tr\u00e8s maladroites d&rsquo;Ousmane Demb\u00e9l\u00e9"},"content":{"rendered":"<div>Co\u00e9quipiers au FC Barcelone et en \u00c9quipe de France, Antoine Griezmann et Ousmane Demb\u00e9l\u00e9 sont sous le feu des critiques depuis quelques jours.<img loading=\"lazy\" decoding=\"async\" src=\"http:\/\/feeds.feedburner.com\/~r\/GalerieFArtciles\/~4\/G7P5qOueNAE\" height=\"1\" width=\"1\" alt=\"\"><\/div>\n<p>Auteur:<br \/>\n<a href=\"http:\/\/www.lebuteur.com\/article\/detail?titre=racisme-les-excuses-tres-maladroites-dousmane-dembele&#038;id=100551&#038;utm_source=feedburner&#038;utm_medium=feed&#038;utm_campaign=Feed%3A+GalerieFArtciles+%28Les+derniers+articles++-+lebuteur.com%29\">Cliquez ici pour lire l&rsquo;article depuis sa source.<\/a><\/p>\n","protected":false},"excerpt":{"rendered":"<p>Co\u00e9quipiers au FC Barcelone et en \u00c9quipe de France, Antoine Griezmann et Ousmane Demb\u00e9l\u00e9 sont sous le feu des critiques depuis quelques jours. Auteur: Cliquez ici pour lire l&rsquo;article depuis sa source.<\/p>\n","protected":false},"author":1738,"featured_media":0,"comment_status":"closed","ping_status":"closed","sticky":false,"template":"","format":"standard","meta":{"fifu_image_url":"http:\/\/feeds.feedburner.com\/~r\/GalerieFArtciles\/~4\/G7P5qOueNAE","fifu_image_alt":"<div>Racisme : Les excuses tr\u00e8s maladroites d'Ousmane Demb\u00e9l\u00e9<\/div>","footnotes":""},"categories":[53,75],"tags":[],"class_list":["post-120428","post","type-post","status-publish","format-standard","hentry","category-algerie","category-sport"],"_links":{"self":[{"href":"https:\/\/linitiative.ca\/International\/wp-json\/wp\/v2\/posts\/120428","targetHints":{"allow":["GET"]}}],"collection":[{"href":"https:\/\/linitiative.ca\/International\/wp-json\/wp\/v2\/posts"}],"about":[{"href":"https:\/\/linitiative.ca\/International\/wp-json\/wp\/v2\/types\/post"}],"author":[{"embeddable":true,"href":"https:\/\/linitiative.ca\/International\/wp-json\/wp\/v2\/users\/1738"}],"replies":[{"embeddable":true,"href":"https:\/\/linitiative.ca\/International\/wp-json\/wp\/v2\/comments?post=120428"}],"version-history":[{"count":0,"href":"https:\/\/linitiative.ca\/International\/wp-json\/wp\/v2\/posts\/120428\/revisions"}],"wp:attachment":[{"href":"https:\/\/linitiative.ca\/International\/wp-json\/wp\/v2\/media?parent=120428"}],"wp:term":[{"taxonomy":"category","embeddable":true,"href":"https:\/\/linitiative.ca\/International\/wp-json\/wp\/v2\/categories?post=120428"},{"taxonomy":"post_tag","embeddable":true,"href":"https:\/\/linitiative.ca\/International\/wp-json\/wp\/v2\/tags?post=120428"}],"curies":[{"name":"wp","href":"https:\/\/api.w.org\/{rel}","templated":true}]}}