{"id":120429,"date":"2021-07-05T16:10:00","date_gmt":"2021-07-05T20:10:00","guid":{"rendered":"https:\/\/linitiative.ca\/International\/plage-de-tenes-les-victimes-de-la-presumee-intoxication-au-gaz-ont-toutes-quitte-lhopital\/"},"modified":"2021-07-05T16:10:00","modified_gmt":"2021-07-05T20:10:00","slug":"plage-de-tenes-les-victimes-de-la-presumee-intoxication-au-gaz-ont-toutes-quitte-lhopital","status":"publish","type":"post","link":"https:\/\/linitiative.ca\/International\/plage-de-tenes-les-victimes-de-la-presumee-intoxication-au-gaz-ont-toutes-quitte-lhopital\/","title":{"rendered":"Plage de T\u00e9n\u00e8s: \u00ab\u00a0Les victimes de la pr\u00e9sum\u00e9e intoxication au gaz ont toutes quitt\u00e9 l\u2019h\u00f4pital\u00a0\u00bb"},"content":{"rendered":"<div>\n<div class=\"sriret\"><img decoding=\"async\" src=\"https:\/\/linitiative.ca\/International\/wp-content\/uploads\/sites\/23\/2021\/07\/default-picture-709x366_c-1.jpg\"><\/div>\n<p>Les victimes de la pr\u00e9sum\u00e9e intoxication au gaz, \u00e9vacu\u00e9es dans la soir\u00e9e de dimanche \u00e0 l\u2019h\u00f4pital Ziroud Youcef de T\u00e9n\u00e8s (Chlef), ont toutes quitt\u00e9 cet \u00e9tablissement de sant\u00e9 apr\u00e8s avoir re\u00e7u les soins n\u00e9cessaires, a-t-on appris lundi 5 juillet d\u2019un responsable \u00e0 la Direction locale de la Sant\u00e9 et de la Population (DSP).<\/p>\n<p>\u00ab\u00a0Sur les 193 personnes admises \u00e0 l\u2019h\u00f4pital de T\u00e9n\u00e8s dans la soir\u00e9e de dimanche, 7 y ont pass\u00e9 la nuit et ont quitt\u00e9 cet \u00e9tablissement de sant\u00e9 lundi \u00e0 7 heures du matin apr\u00e8s avoir re\u00e7u les soins n\u00e9cessaires\u00a0\u00bb, a pr\u00e9cis\u00e9 \u00e0 l\u2019APS le responsable de la pr\u00e9vention \u00e0 la m\u00eame direction, Dr Nasreddine Benkartalia.<\/p>\n<p>Il a signal\u00e9 que les personnes admises \u00e0 l\u2019h\u00f4pital de T\u00e9n\u00e8s pr\u00e9sentaient divers sympt\u00f4mes tels la fi\u00e8vre, naus\u00e9es, vomissements, rougeur des yeux et allergie, relevant que les m\u00e9decins et le personnel param\u00e9dical sont rest\u00e9s au chevet des malades jusqu\u2019au petit matin.<\/p>\n<p>\u00a0<\/p>\n<p>Selon lui, les victimes, des personnes qui se baignaient \u00e0 la plage centrale de T\u00e9n\u00e8s, auraient inhal\u00e9 une odeur d\u2019un gaz qui s\u2019est vite propag\u00e9 \u00e0 la faveur du vent ayant souffl\u00e9 durant toute l\u2019apr\u00e8s-midi du dimanche, signalant que les analyses d\u00e9termineront avec pr\u00e9cision la nature du gaz en question.<\/p>\n<p>Intervenant sur la radio r\u00e9gionale de Chlef, le wali, Lakhdar Seddas, a confirm\u00e9 qu\u2019aucune victime de la pr\u00e9sum\u00e9 intoxication ne se trouvait actuellement \u00e0 l\u2019h\u00f4pital de T\u00e9n\u00e8s, faisant \u00e9tat de la mise sur pied de commissions d\u2019enqu\u00eates afin de conna\u00eetre les \u00ab\u00a0tenants et aboutissants\u00a0\u00bb de cette affaire.<\/p>\n<p>\u00ab\u00a0Des services relevant de divers corps s\u00e9curitaires se sont d\u00e9plac\u00e9s dans la soir\u00e9e d\u2019hier \u00e0 la plage centrale de T\u00e9n\u00e8s en vue d\u2019effectuer les analyses d\u2019usage, n\u00e9cessaires en pareille circonstance, lesquelles n\u00e9cessitent une haute technologie\u00a0\u00bb, a-t-il fait savoir.<\/p>\n<p>Par la m\u00eame occasion, le chef de l\u2019ex\u00e9cutif locale a fait part de l\u2019envoi, par le minist\u00e8re de l\u2019Environnement, d\u2019une commission sp\u00e9cialis\u00e9e charg\u00e9e d\u2019analyser les eaux de l\u2019oued situ\u00e9 non loin de la plage en question.<\/p>\n<p>\u00ab\u00a0Aucune hypoth\u00e8se ne sera n\u00e9glig\u00e9 mais, bien \u00e9videmment, la plus plausible (elle revient avec insistance), est celle se rapportant au d\u00e9versement d\u2019un bateau se trouvant au large de T\u00e9n\u00e8s d\u2019aliments de b\u00e9tail\u00a0\u00bb, a-t-il soulign\u00e9, faisant \u00e9tat de l\u2019ouverture d\u2019une enqu\u00eate par le parquet de Chlef a ce sujet.<\/p>\n<p>De son c\u00f4t\u00e9, le directeur de l\u2019antenne locale de l\u2019Alg\u00e9rienne des Eaux (ADE), Houari Bouazza a fait part de l\u2019arr\u00eat \u00ab\u00a0\u00e0 titre pr\u00e9ventif\u00a0\u00bb, de l\u2019alimentation en eau \u00e0 partir de la station de dessalement de T\u00e9n\u00e8s, signalant que l\u2019analyse des pr\u00e9l\u00e8vements effectu\u00e9s n\u2019ont pr\u00e9sent\u00e9 aucune anomalie.<\/p>\n<p>\u00ab\u00a0Aucune anomalie n\u2019a \u00e9t\u00e9 constat\u00e9e sur les \u00e9chantillons d\u2019eau de mer ainsi que ceux des eaux trait\u00e9es, d\u2019o\u00f9 notre d\u00e9cision de reprendre l\u2019approvisionnement en eau de la population d\u00e8s cette apr\u00e8s-midi d\u00e8s lors qu\u2019elle ne pr\u00e9sentait aucun risque sur sa sant\u00e9\u00a0\u00bb, a-t-il fait savoir.<\/p>\n<p>Au total, 36 \u00e9l\u00e9ments de la Protection civile sont d\u00e9nombr\u00e9s par les victimes de cette intoxication en l\u2019occurrence 8 plongeurs professionnels et 28 travailleurs saisonniers, a fait savoir pour sa part le charg\u00e9 de communication de la direction locale de ce corps constitu\u00e9, le capitaine Yahia Messa\u00e2dia.<\/p>\n<p>Il a signal\u00e9 que les premiers cas de vomissements et d\u2019\u00e9vanouissement ont \u00e9t\u00e9 signal\u00e9s juste apr\u00e8s la fin de la c\u00e9r\u00e9monie de l\u2019ouverture officielle de la saison estivale dimanche en fin d\u2019apr\u00e8s-midi.<\/p>\n<p>\u00ab\u00a0Juste apr\u00e8s qu\u2019il e\u00fbt \u00e9t\u00e9 inform\u00e9 de l\u2019incident, le wali de Chlef s\u2019est d\u00e9plac\u00e9 sur place, d\u00e9cidant aussit\u00f4t de la fermeture imm\u00e9diate de la grande plage de T\u00e9n\u00e8s ainsi que celles d\u2019El Marina et Oued Lagsab\u00a0\u00bb, a-t-il d\u00e9taill\u00e9.<\/p>\n<p>L\u2019article <a rel=\"nofollow\" href=\"https:\/\/www.elwatan.com\/edition\/actualite\/plage-de-tenes-les-victimes-de-la-presumee-intoxication-au-gaz-ont-toutes-quitte-lhopital-05-07-2021\">Plage de T\u00e9n\u00e8s: \u00ab\u00a0Les victimes de la pr\u00e9sum\u00e9e intoxication au gaz ont toutes quitt\u00e9 l\u2019h\u00f4pital\u00a0\u00bb<\/a> est apparu en premier sur <a rel=\"nofollow\" href=\"https:\/\/www.elwatan.com\/\">El Watan<\/a>.<\/p>\n<\/div>\n<p>Auteur: Mohand Yahiaoui<br \/>\n<a href=\"https:\/\/www.elwatan.com\/edition\/actualite\/plage-de-tenes-les-victimes-de-la-presumee-intoxication-au-gaz-ont-toutes-quitte-lhopital-05-07-2021\">Cliquez ici pour lire l&rsquo;article depuis sa source.<\/a><\/p>\n","protected":false},"excerpt":{"rendered":"<p>Les victimes de la pr\u00e9sum\u00e9e intoxication au gaz, \u00e9vacu\u00e9es dans la soir\u00e9e de dimanche \u00e0 l\u2019h\u00f4pital Ziroud Youcef de T\u00e9n\u00e8s (Chlef), ont toutes quitt\u00e9 cet \u00e9tablissement de sant\u00e9 apr\u00e8s avoir re\u00e7u les soins n\u00e9cessaires, a-t-on appris lundi 5 juillet d\u2019un responsable \u00e0 la Direction locale de la Sant\u00e9 et de la Population (DSP). \u00ab\u00a0Sur les [&hellip;]<\/p>\n","protected":false},"author":1743,"featured_media":0,"comment_status":"closed","ping_status":"closed","sticky":false,"template":"","format":"standard","meta":{"fifu_image_url":"https:\/\/www.elwatan.com\/wp-content\/themes\/spectr\/img\/default-picture-709x366_c.jpg","fifu_image_alt":"Plage de T\u00e9n\u00e8s: \u00ab\u00a0Les victimes de la pr\u00e9sum\u00e9e intoxication au gaz ont toutes quitt\u00e9 l\u2019h\u00f4pital\u00a0\u00bb","footnotes":""},"categories":[73,53],"tags":[],"class_list":["post-120429","post","type-post","status-publish","format-standard","hentry","category-actualite","category-algerie"],"_links":{"self":[{"href":"https:\/\/linitiative.ca\/International\/wp-json\/wp\/v2\/posts\/120429","targetHints":{"allow":["GET"]}}],"collection":[{"href":"https:\/\/linitiative.ca\/International\/wp-json\/wp\/v2\/posts"}],"about":[{"href":"https:\/\/linitiative.ca\/International\/wp-json\/wp\/v2\/types\/post"}],"author":[{"embeddable":true,"href":"https:\/\/linitiative.ca\/International\/wp-json\/wp\/v2\/users\/1743"}],"replies":[{"embeddable":true,"href":"https:\/\/linitiative.ca\/International\/wp-json\/wp\/v2\/comments?post=120429"}],"version-history":[{"count":0,"href":"https:\/\/linitiative.ca\/International\/wp-json\/wp\/v2\/posts\/120429\/revisions"}],"wp:attachment":[{"href":"https:\/\/linitiative.ca\/International\/wp-json\/wp\/v2\/media?parent=120429"}],"wp:term":[{"taxonomy":"category","embeddable":true,"href":"https:\/\/linitiative.ca\/International\/wp-json\/wp\/v2\/categories?post=120429"},{"taxonomy":"post_tag","embeddable":true,"href":"https:\/\/linitiative.ca\/International\/wp-json\/wp\/v2\/tags?post=120429"}],"curies":[{"name":"wp","href":"https:\/\/api.w.org\/{rel}","templated":true}]}}