{"id":120431,"date":"2021-07-05T05:04:00","date_gmt":"2021-07-05T09:04:00","guid":{"rendered":"https:\/\/linitiative.ca\/International\/fadhel-moussa-la-pharmacienne-le-maire-et-la-commission-covid-19\/"},"modified":"2021-07-05T05:04:00","modified_gmt":"2021-07-05T09:04:00","slug":"fadhel-moussa-la-pharmacienne-le-maire-et-la-commission-covid-19","status":"publish","type":"post","link":"https:\/\/linitiative.ca\/International\/fadhel-moussa-la-pharmacienne-le-maire-et-la-commission-covid-19\/","title":{"rendered":"Fadhel Moussa : La pharmacienne, le Maire et la commission covid 19"},"content":{"rendered":"<div><img decoding=\"async\" src=\"https:\/\/linitiative.ca\/International\/wp-content\/uploads\/sites\/23\/2021\/07\/1625471950_article.jpg\" alt=\"Fadhel Moussa : Le maire la pharmacienne et la commission covid 19\" align=\"left\">Un arr\u00eat\u00e9 du ministre de la sant\u00e9 publique du 31 mai 2021, accompagn\u00e9 d\u2019un communiqu\u00e9, ont port\u00e9 autorisation de l\u2019utilisation des tests rapides antig\u00e9niques SARS-CoV-2 par les professionnels de la sant\u00e9 et fixant les indications et les conditions de leur r\u00e9alisation. Dans un\u00a0 communiqu\u00e9 du conseil national de l\u2019ordre des pharmaciens (CNOPT), dat\u00e9 du 5 juin 2021,\u00a0 relatif aux tests rapides antig\u00e9niques, les affili\u00e9s ont \u00e9t\u00e9 inform\u00e9s \u00ab qu\u2019une\u00a0 clarification par le minist\u00e8re de la sant\u00e9 de l\u2019arr\u00eat\u00e9 est n\u00e9cessaire pour pouvoir l\u2019appliquer\u00bb. En cons\u00e9quence, il a \u00e9t\u00e9 demand\u00e9 aux pharmacien.e.s \u00ab d\u2019attendre que toutes les composantes du dispositif &#8230;<\/p>\n<\/div>\n<p>Auteur:<br \/>\n<a href=\"https:\/\/www.leaders.com.tn\/article\/32114-fadhel-moussa-la-pharmacienne-le-maire-et-la-commission-covid-19\">Cliquez ici pour lire l&rsquo;article depuis sa source.<\/a><\/p>\n","protected":false},"excerpt":{"rendered":"<p>Un arr\u00eat\u00e9 du ministre de la sant\u00e9 publique du 31 mai 2021, accompagn\u00e9 d\u2019un communiqu\u00e9, ont port\u00e9 autorisation de l\u2019utilisation des tests rapides antig\u00e9niques SARS-CoV-2 par les professionnels de la sant\u00e9 et fixant les indications et les conditions de leur r\u00e9alisation. Dans un\u00a0 communiqu\u00e9 du conseil national de l\u2019ordre des pharmaciens (CNOPT), dat\u00e9 du 5 [&hellip;]<\/p>\n","protected":false},"author":1772,"featured_media":0,"comment_status":"closed","ping_status":"closed","sticky":false,"template":"","format":"standard","meta":{"fifu_image_url":"http:\/\/www.leaders.com.tn\/uploads\/content\/thumbnails_small\/1625471950_article.jpg","fifu_image_alt":"Fadhel Moussa : La pharmacienne, le Maire et la commission covid 19","footnotes":""},"categories":[73,55],"tags":[],"class_list":["post-120431","post","type-post","status-publish","format-standard","hentry","category-actualite","category-tunisie"],"_links":{"self":[{"href":"https:\/\/linitiative.ca\/International\/wp-json\/wp\/v2\/posts\/120431","targetHints":{"allow":["GET"]}}],"collection":[{"href":"https:\/\/linitiative.ca\/International\/wp-json\/wp\/v2\/posts"}],"about":[{"href":"https:\/\/linitiative.ca\/International\/wp-json\/wp\/v2\/types\/post"}],"author":[{"embeddable":true,"href":"https:\/\/linitiative.ca\/International\/wp-json\/wp\/v2\/users\/1772"}],"replies":[{"embeddable":true,"href":"https:\/\/linitiative.ca\/International\/wp-json\/wp\/v2\/comments?post=120431"}],"version-history":[{"count":0,"href":"https:\/\/linitiative.ca\/International\/wp-json\/wp\/v2\/posts\/120431\/revisions"}],"wp:attachment":[{"href":"https:\/\/linitiative.ca\/International\/wp-json\/wp\/v2\/media?parent=120431"}],"wp:term":[{"taxonomy":"category","embeddable":true,"href":"https:\/\/linitiative.ca\/International\/wp-json\/wp\/v2\/categories?post=120431"},{"taxonomy":"post_tag","embeddable":true,"href":"https:\/\/linitiative.ca\/International\/wp-json\/wp\/v2\/tags?post=120431"}],"curies":[{"name":"wp","href":"https:\/\/api.w.org\/{rel}","templated":true}]}}