{"id":120435,"date":"2021-07-05T10:12:00","date_gmt":"2021-07-05T14:12:00","guid":{"rendered":"https:\/\/linitiative.ca\/International\/la-bioethique-face-aux-croyances-et-aux-cultures-souci-duniversalite-ou-pretention-duniversalite\/"},"modified":"2021-07-05T10:12:00","modified_gmt":"2021-07-05T14:12:00","slug":"la-bioethique-face-aux-croyances-et-aux-cultures-souci-duniversalite-ou-pretention-duniversalite","status":"publish","type":"post","link":"https:\/\/linitiative.ca\/International\/la-bioethique-face-aux-croyances-et-aux-cultures-souci-duniversalite-ou-pretention-duniversalite\/","title":{"rendered":"La bio\u00e9thique face aux croyances et aux cultures : Souci d\u2019universalit\u00e9 ou pr\u00e9tention d\u2019universalit\u00e9"},"content":{"rendered":"<div><img decoding=\"async\" src=\"https:\/\/linitiative.ca\/International\/wp-content\/uploads\/sites\/23\/2021\/07\/1625491358_article.jpg\" alt=\"La bio\u00e9thique face aux croyances et aux cultures : Souci d\u2019universalit\u00e9 ou pr\u00e9tention d\u2019universalit\u00e9\" align=\"left\">Par Pr. Mohamed Salah Ben Ammar. Ancien vice-pr\u00e9sident du Comit\u00e9 International de Bio\u00e9thique de l&rsquo;UNESCO<\/p>\n<p>\u201c Tout ce qui s\u2019\u00e9l\u00e8ve converge\u201c. Theillard de Chardin<br \/>\nL\u2019universalit\u00e9 est la particularit\u00e9 des humains. Tout le monde meurt, tous les humains sont astreints \u00e0 la souffrance. Ils rient et pleurent tous, certes pas pour les m\u00eames raisons, mais le font tous. Tout le monde croit, tout le monde a une religion et m\u00eame, les primitifs, l\u2019agnostique le plus pur, l\u2019ath\u00e9e le plus r\u00e9solu croit en l\u2019existence d\u2019une transcendance.<br \/>\nCertes l\u2019humanit\u00e9 ne s\u2019est pas d\u00e9velopp\u00e9e au m\u00eame rythme sur les diff\u00e9rents continents, mais les valeurs qui ont mis tant de temps &#8230;<\/p>\n<\/div>\n<p>Auteur:<br \/>\n<a href=\"https:\/\/www.leaders.com.tn\/article\/32116-la-bioethique-face-aux-croyances-et-aux-cultures-souci-d-universalite-ou-pretention-d-universalite\">Cliquez ici pour lire l&rsquo;article depuis sa source.<\/a><\/p>\n","protected":false},"excerpt":{"rendered":"<p>Par Pr. Mohamed Salah Ben Ammar. Ancien vice-pr\u00e9sident du Comit\u00e9 International de Bio\u00e9thique de l&rsquo;UNESCO \u201c Tout ce qui s\u2019\u00e9l\u00e8ve converge\u201c. Theillard de Chardin L\u2019universalit\u00e9 est la particularit\u00e9 des humains. Tout le monde meurt, tous les humains sont astreints \u00e0 la souffrance. Ils rient et pleurent tous, certes pas pour les m\u00eames raisons, mais le [&hellip;]<\/p>\n","protected":false},"author":1772,"featured_media":0,"comment_status":"closed","ping_status":"closed","sticky":false,"template":"","format":"standard","meta":{"fifu_image_url":"http:\/\/www.leaders.com.tn\/uploads\/content\/thumbnails_small\/1625491358_article.jpg","fifu_image_alt":"La bio\u00e9thique face aux croyances et aux cultures : Souci d\u2019universalit\u00e9 ou pr\u00e9tention d\u2019universalit\u00e9","footnotes":""},"categories":[73,55],"tags":[],"class_list":["post-120435","post","type-post","status-publish","format-standard","hentry","category-actualite","category-tunisie"],"_links":{"self":[{"href":"https:\/\/linitiative.ca\/International\/wp-json\/wp\/v2\/posts\/120435","targetHints":{"allow":["GET"]}}],"collection":[{"href":"https:\/\/linitiative.ca\/International\/wp-json\/wp\/v2\/posts"}],"about":[{"href":"https:\/\/linitiative.ca\/International\/wp-json\/wp\/v2\/types\/post"}],"author":[{"embeddable":true,"href":"https:\/\/linitiative.ca\/International\/wp-json\/wp\/v2\/users\/1772"}],"replies":[{"embeddable":true,"href":"https:\/\/linitiative.ca\/International\/wp-json\/wp\/v2\/comments?post=120435"}],"version-history":[{"count":0,"href":"https:\/\/linitiative.ca\/International\/wp-json\/wp\/v2\/posts\/120435\/revisions"}],"wp:attachment":[{"href":"https:\/\/linitiative.ca\/International\/wp-json\/wp\/v2\/media?parent=120435"}],"wp:term":[{"taxonomy":"category","embeddable":true,"href":"https:\/\/linitiative.ca\/International\/wp-json\/wp\/v2\/categories?post=120435"},{"taxonomy":"post_tag","embeddable":true,"href":"https:\/\/linitiative.ca\/International\/wp-json\/wp\/v2\/tags?post=120435"}],"curies":[{"name":"wp","href":"https:\/\/api.w.org\/{rel}","templated":true}]}}