{"id":120437,"date":"2021-07-05T11:30:00","date_gmt":"2021-07-05T15:30:00","guid":{"rendered":"https:\/\/linitiative.ca\/International\/habib-mellakh-jaccuse\/"},"modified":"2021-07-05T11:30:00","modified_gmt":"2021-07-05T15:30:00","slug":"habib-mellakh-jaccuse","status":"publish","type":"post","link":"https:\/\/linitiative.ca\/International\/habib-mellakh-jaccuse\/","title":{"rendered":"Habib Mellakh: J\u2019accuse \u2026 !"},"content":{"rendered":"<div><img decoding=\"async\" src=\"https:\/\/linitiative.ca\/International\/wp-content\/uploads\/sites\/23\/2021\/07\/1625499255_article.jpg\" alt=\"Habib Mellakh: J\u2019accuse \u2026 !\" align=\"left\">Je n\u2019ai pas l\u2019habitude d\u2019exag\u00e9rer. J\u2019accuse le gouvernement et sa \u00ab ceinture politique \u00bb actuelle d\u2019avoir contribu\u00e9 \u00e0 laisser le virus circuler librement, non pas tellement en raison du manque de moyens\u00a0 (on peut toujours \u0153uvrer pour avoir le maximum de moyens possible gr\u00e2ce \u00e0 une bonne strat\u00e9gie, \u00e0 la mobilisation des citoyens, \u00e0 une bonne diplomatie) mais \u00e0 cause de leur soumission aux lobbys. Pas seulement \u00e0 cause de l\u2019ampleur de la pand\u00e9mie mais de leur incomp\u00e9tence et de leur manque d\u2019imagination.\u00a0 Non \u00e0 cause de la seule faiblesse\u00a0 de l\u2019\u00c9tat, attest\u00e9e par de nombreux faits, mais pour leurs consid\u00e9rations politiciennes\u00a0 qui les poussent\u00a0 \u00e0 &#8230;<\/p>\n<\/div>\n<p>Auteur:<br \/>\n<a href=\"https:\/\/www.leaders.com.tn\/article\/32117-habib-mellakh-j-accuse\">Cliquez ici pour lire l&rsquo;article depuis sa source.<\/a><\/p>\n","protected":false},"excerpt":{"rendered":"<p>Je n\u2019ai pas l\u2019habitude d\u2019exag\u00e9rer. J\u2019accuse le gouvernement et sa \u00ab ceinture politique \u00bb actuelle d\u2019avoir contribu\u00e9 \u00e0 laisser le virus circuler librement, non pas tellement en raison du manque de moyens\u00a0 (on peut toujours \u0153uvrer pour avoir le maximum de moyens possible gr\u00e2ce \u00e0 une bonne strat\u00e9gie, \u00e0 la mobilisation des citoyens, \u00e0 une [&hellip;]<\/p>\n","protected":false},"author":1772,"featured_media":0,"comment_status":"closed","ping_status":"closed","sticky":false,"template":"","format":"standard","meta":{"fifu_image_url":"http:\/\/www.leaders.com.tn\/uploads\/content\/thumbnails_small\/1625499255_article.jpg","fifu_image_alt":"Habib Mellakh: J\u2019accuse \u2026 !","footnotes":""},"categories":[73,55],"tags":[],"class_list":["post-120437","post","type-post","status-publish","format-standard","hentry","category-actualite","category-tunisie"],"_links":{"self":[{"href":"https:\/\/linitiative.ca\/International\/wp-json\/wp\/v2\/posts\/120437","targetHints":{"allow":["GET"]}}],"collection":[{"href":"https:\/\/linitiative.ca\/International\/wp-json\/wp\/v2\/posts"}],"about":[{"href":"https:\/\/linitiative.ca\/International\/wp-json\/wp\/v2\/types\/post"}],"author":[{"embeddable":true,"href":"https:\/\/linitiative.ca\/International\/wp-json\/wp\/v2\/users\/1772"}],"replies":[{"embeddable":true,"href":"https:\/\/linitiative.ca\/International\/wp-json\/wp\/v2\/comments?post=120437"}],"version-history":[{"count":0,"href":"https:\/\/linitiative.ca\/International\/wp-json\/wp\/v2\/posts\/120437\/revisions"}],"wp:attachment":[{"href":"https:\/\/linitiative.ca\/International\/wp-json\/wp\/v2\/media?parent=120437"}],"wp:term":[{"taxonomy":"category","embeddable":true,"href":"https:\/\/linitiative.ca\/International\/wp-json\/wp\/v2\/categories?post=120437"},{"taxonomy":"post_tag","embeddable":true,"href":"https:\/\/linitiative.ca\/International\/wp-json\/wp\/v2\/tags?post=120437"}],"curies":[{"name":"wp","href":"https:\/\/api.w.org\/{rel}","templated":true}]}}