{"id":120439,"date":"2021-07-05T12:38:00","date_gmt":"2021-07-05T16:38:00","guid":{"rendered":"https:\/\/linitiative.ca\/International\/vaches-et-poules-a-louer-la-nouvelle-tendance-collaborative-ecologique-et-economique-pour-produire-lait-et-oeufs\/"},"modified":"2021-07-05T12:38:00","modified_gmt":"2021-07-05T16:38:00","slug":"vaches-et-poules-a-louer-la-nouvelle-tendance-collaborative-ecologique-et-economique-pour-produire-lait-et-oeufs","status":"publish","type":"post","link":"https:\/\/linitiative.ca\/International\/vaches-et-poules-a-louer-la-nouvelle-tendance-collaborative-ecologique-et-economique-pour-produire-lait-et-oeufs\/","title":{"rendered":"Vaches et poules \u00e0 louer : la nouvelle tendance collaborative, \u00e9cologique et \u00e9conomique pour produire lait et \u0153ufs"},"content":{"rendered":"<div><img decoding=\"async\" src=\"https:\/\/linitiative.ca\/International\/wp-content\/uploads\/sites\/23\/2021\/07\/1625500217_article.jpg\" alt=\"Vaches et poules \u00e0 louer : la nouvelle tendance collaborative, \u00e9cologique et \u00e9conomique pour produire lait et \u0153ufs\" align=\"left\">Par Ridha Bergaoui &#8211; Il est tout \u00e0 fait courant de louer un appartement ou une voiture. De nos jours et dans de nombreux pays, il est possible \u00e9galement de louer une vache laiti\u00e8re ou une poule pondeuse. Cette approche s\u2019inscrit dans le cadre d\u2019une tendance internationale vers une \u00e9conomie collaborative et de partage.<br \/>\nDe nos jours au lieu de disposer du produit on cherche \u00e0 disposer d\u2019un service ce qui explique le d\u00e9veloppement des entreprises comme Uber, airBnB ou la colocation. Au lieu de s\u2019encombrer d\u2019objets qu\u2019on utilise parfois tr\u00e8s peu et dont on ne sait comment\u00a0 s\u2019en d\u00e9barrasser plus tard, on pr\u00e9f\u00e8re louer ou acheter des objets en commun. C\u2019est une &#8230;<\/p>\n<\/div>\n<p>Auteur:<br \/>\n<a href=\"https:\/\/www.leaders.com.tn\/article\/32118-vaches-et-poules-a-louer-la-nouvelle-tendance-collaborative-ecologique-et-economique-pour-produire-lait-et-oeufs\">Cliquez ici pour lire l&rsquo;article depuis sa source.<\/a><\/p>\n","protected":false},"excerpt":{"rendered":"<p>Par Ridha Bergaoui &#8211; Il est tout \u00e0 fait courant de louer un appartement ou une voiture. De nos jours et dans de nombreux pays, il est possible \u00e9galement de louer une vache laiti\u00e8re ou une poule pondeuse. Cette approche s\u2019inscrit dans le cadre d\u2019une tendance internationale vers une \u00e9conomie collaborative et de partage. De [&hellip;]<\/p>\n","protected":false},"author":1772,"featured_media":0,"comment_status":"closed","ping_status":"closed","sticky":false,"template":"","format":"standard","meta":{"fifu_image_url":"http:\/\/www.leaders.com.tn\/uploads\/content\/thumbnails_small\/1625500217_article.jpg","fifu_image_alt":"Vaches et poules \u00e0 louer : la nouvelle tendance collaborative, \u00e9cologique et \u00e9conomique pour produire lait et \u0153ufs","footnotes":""},"categories":[73,55],"tags":[],"class_list":["post-120439","post","type-post","status-publish","format-standard","hentry","category-actualite","category-tunisie"],"_links":{"self":[{"href":"https:\/\/linitiative.ca\/International\/wp-json\/wp\/v2\/posts\/120439","targetHints":{"allow":["GET"]}}],"collection":[{"href":"https:\/\/linitiative.ca\/International\/wp-json\/wp\/v2\/posts"}],"about":[{"href":"https:\/\/linitiative.ca\/International\/wp-json\/wp\/v2\/types\/post"}],"author":[{"embeddable":true,"href":"https:\/\/linitiative.ca\/International\/wp-json\/wp\/v2\/users\/1772"}],"replies":[{"embeddable":true,"href":"https:\/\/linitiative.ca\/International\/wp-json\/wp\/v2\/comments?post=120439"}],"version-history":[{"count":0,"href":"https:\/\/linitiative.ca\/International\/wp-json\/wp\/v2\/posts\/120439\/revisions"}],"wp:attachment":[{"href":"https:\/\/linitiative.ca\/International\/wp-json\/wp\/v2\/media?parent=120439"}],"wp:term":[{"taxonomy":"category","embeddable":true,"href":"https:\/\/linitiative.ca\/International\/wp-json\/wp\/v2\/categories?post=120439"},{"taxonomy":"post_tag","embeddable":true,"href":"https:\/\/linitiative.ca\/International\/wp-json\/wp\/v2\/tags?post=120439"}],"curies":[{"name":"wp","href":"https:\/\/api.w.org\/{rel}","templated":true}]}}