{"id":120441,"date":"2021-07-05T06:00:00","date_gmt":"2021-07-05T10:00:00","guid":{"rendered":"https:\/\/linitiative.ca\/International\/bruce-springsteen-en-vedette-dun-grand-concert-gratuit-a-central-park\/"},"modified":"2021-07-05T06:00:00","modified_gmt":"2021-07-05T10:00:00","slug":"bruce-springsteen-en-vedette-dun-grand-concert-gratuit-a-central-park","status":"publish","type":"post","link":"https:\/\/linitiative.ca\/International\/bruce-springsteen-en-vedette-dun-grand-concert-gratuit-a-central-park\/","title":{"rendered":"Bruce Springsteen en vedette d&rsquo;un grand concert gratuit \u00e0 Central Park"},"content":{"rendered":"<div>Le chanteur am\u00e9ricain Bruce Springsteen sera l&rsquo;une des vedettes du grand concert pr\u00e9vu fin ao\u00fbt \u00e0 Central Park, pour c\u00e9l\u00e9brer la \u00abrenaissance de New York\u00bb apr\u00e8s la pand\u00e9mie, avec Paul Simon et Jennifer Hudson, a<\/div>\n<p>Auteur:<br \/>\n<a href=\"https:\/\/www.lesoirdalgerie.com\/culture\/bruce-springsteen-en-vedette-dun-grand-concert-gratuit-a-central-park-63855\">Cliquez ici pour lire l&rsquo;article depuis sa source.<\/a><\/p>\n","protected":false},"excerpt":{"rendered":"<p>Le chanteur am\u00e9ricain Bruce Springsteen sera l&rsquo;une des vedettes du grand concert pr\u00e9vu fin ao\u00fbt \u00e0 Central Park, pour c\u00e9l\u00e9brer la \u00abrenaissance de New York\u00bb apr\u00e8s la pand\u00e9mie, avec Paul Simon et Jennifer Hudson, a Auteur: Cliquez ici pour lire l&rsquo;article depuis sa source.<\/p>\n","protected":false},"author":1741,"featured_media":0,"comment_status":"closed","ping_status":"closed","sticky":false,"template":"","format":"standard","meta":{"fifu_image_url":"","fifu_image_alt":"","footnotes":""},"categories":[73,53],"tags":[],"class_list":["post-120441","post","type-post","status-publish","format-standard","hentry","category-actualite","category-algerie"],"_links":{"self":[{"href":"https:\/\/linitiative.ca\/International\/wp-json\/wp\/v2\/posts\/120441","targetHints":{"allow":["GET"]}}],"collection":[{"href":"https:\/\/linitiative.ca\/International\/wp-json\/wp\/v2\/posts"}],"about":[{"href":"https:\/\/linitiative.ca\/International\/wp-json\/wp\/v2\/types\/post"}],"author":[{"embeddable":true,"href":"https:\/\/linitiative.ca\/International\/wp-json\/wp\/v2\/users\/1741"}],"replies":[{"embeddable":true,"href":"https:\/\/linitiative.ca\/International\/wp-json\/wp\/v2\/comments?post=120441"}],"version-history":[{"count":0,"href":"https:\/\/linitiative.ca\/International\/wp-json\/wp\/v2\/posts\/120441\/revisions"}],"wp:attachment":[{"href":"https:\/\/linitiative.ca\/International\/wp-json\/wp\/v2\/media?parent=120441"}],"wp:term":[{"taxonomy":"category","embeddable":true,"href":"https:\/\/linitiative.ca\/International\/wp-json\/wp\/v2\/categories?post=120441"},{"taxonomy":"post_tag","embeddable":true,"href":"https:\/\/linitiative.ca\/International\/wp-json\/wp\/v2\/tags?post=120441"}],"curies":[{"name":"wp","href":"https:\/\/api.w.org\/{rel}","templated":true}]}}