{"id":120443,"date":"2021-07-05T06:00:00","date_gmt":"2021-07-05T10:00:00","guid":{"rendered":"https:\/\/linitiative.ca\/International\/le-reve-africain-de-barzakh-et-de-carrefour-cadenkoso\/"},"modified":"2021-07-05T06:00:00","modified_gmt":"2021-07-05T10:00:00","slug":"le-reve-africain-de-barzakh-et-de-carrefour-cadenkoso","status":"publish","type":"post","link":"https:\/\/linitiative.ca\/International\/le-reve-africain-de-barzakh-et-de-carrefour-cadenkoso\/","title":{"rendered":"Le R\u00eave africain de Barzakh et de Carrefour Cadenkoso"},"content":{"rendered":"<div>Tr\u00e8s belle initiative des \u00e9ditions Barzakh et de Carrefour Cadenkoso, l\u2019association des \u00e9tudiants et talents africains en Alg\u00e9rie, pour la promotion de la litt\u00e9rature africaine.<\/div>\n<p>Auteur:<br \/>\n<a href=\"https:\/\/www.lesoirdalgerie.com\/culture\/le-reve-africain-de-barzakh-et-de-carrefour-cadenkoso-63853\">Cliquez ici pour lire l&rsquo;article depuis sa source.<\/a><\/p>\n","protected":false},"excerpt":{"rendered":"<p>Tr\u00e8s belle initiative des \u00e9ditions Barzakh et de Carrefour Cadenkoso, l\u2019association des \u00e9tudiants et talents africains en Alg\u00e9rie, pour la promotion de la litt\u00e9rature africaine. Auteur: Cliquez ici pour lire l&rsquo;article depuis sa source.<\/p>\n","protected":false},"author":1741,"featured_media":0,"comment_status":"closed","ping_status":"closed","sticky":false,"template":"","format":"standard","meta":{"fifu_image_url":"","fifu_image_alt":"","footnotes":""},"categories":[73,53],"tags":[],"class_list":["post-120443","post","type-post","status-publish","format-standard","hentry","category-actualite","category-algerie"],"_links":{"self":[{"href":"https:\/\/linitiative.ca\/International\/wp-json\/wp\/v2\/posts\/120443","targetHints":{"allow":["GET"]}}],"collection":[{"href":"https:\/\/linitiative.ca\/International\/wp-json\/wp\/v2\/posts"}],"about":[{"href":"https:\/\/linitiative.ca\/International\/wp-json\/wp\/v2\/types\/post"}],"author":[{"embeddable":true,"href":"https:\/\/linitiative.ca\/International\/wp-json\/wp\/v2\/users\/1741"}],"replies":[{"embeddable":true,"href":"https:\/\/linitiative.ca\/International\/wp-json\/wp\/v2\/comments?post=120443"}],"version-history":[{"count":0,"href":"https:\/\/linitiative.ca\/International\/wp-json\/wp\/v2\/posts\/120443\/revisions"}],"wp:attachment":[{"href":"https:\/\/linitiative.ca\/International\/wp-json\/wp\/v2\/media?parent=120443"}],"wp:term":[{"taxonomy":"category","embeddable":true,"href":"https:\/\/linitiative.ca\/International\/wp-json\/wp\/v2\/categories?post=120443"},{"taxonomy":"post_tag","embeddable":true,"href":"https:\/\/linitiative.ca\/International\/wp-json\/wp\/v2\/tags?post=120443"}],"curies":[{"name":"wp","href":"https:\/\/api.w.org\/{rel}","templated":true}]}}