{"id":120444,"date":"2021-07-05T06:00:00","date_gmt":"2021-07-05T10:00:00","guid":{"rendered":"https:\/\/linitiative.ca\/International\/les-enjeux-de-transmission-des-conflits-memoriaux\/"},"modified":"2021-07-05T06:00:00","modified_gmt":"2021-07-05T10:00:00","slug":"les-enjeux-de-transmission-des-conflits-memoriaux","status":"publish","type":"post","link":"https:\/\/linitiative.ca\/International\/les-enjeux-de-transmission-des-conflits-memoriaux\/","title":{"rendered":"Les enjeux de transmission des conflits m\u00e9moriaux"},"content":{"rendered":"<div>Je venais d\u2019avoir mes quatorze ans lorsque le 5 juillet 1962, le peuple, dans la joie et l\u2019all\u00e9gresse, c\u00e9l\u00e9brait la f\u00eate de l\u2019Ind\u00e9pendance et de la Jeunesse. Krim Belkacem mandat\u00e9 par le CNRA et Louis Joxe, au nom de<\/div>\n<p>Auteur:<br \/>\n<a href=\"https:\/\/www.lesoirdalgerie.com\/contribution\/les-enjeux-de-transmission-des-conflits-memoriaux-63852\">Cliquez ici pour lire l&rsquo;article depuis sa source.<\/a><\/p>\n","protected":false},"excerpt":{"rendered":"<p>Je venais d\u2019avoir mes quatorze ans lorsque le 5 juillet 1962, le peuple, dans la joie et l\u2019all\u00e9gresse, c\u00e9l\u00e9brait la f\u00eate de l\u2019Ind\u00e9pendance et de la Jeunesse. Krim Belkacem mandat\u00e9 par le CNRA et Louis Joxe, au nom de Auteur: Cliquez ici pour lire l&rsquo;article depuis sa source.<\/p>\n","protected":false},"author":1741,"featured_media":0,"comment_status":"closed","ping_status":"closed","sticky":false,"template":"","format":"standard","meta":{"fifu_image_url":"","fifu_image_alt":"","footnotes":""},"categories":[73,53],"tags":[],"class_list":["post-120444","post","type-post","status-publish","format-standard","hentry","category-actualite","category-algerie"],"_links":{"self":[{"href":"https:\/\/linitiative.ca\/International\/wp-json\/wp\/v2\/posts\/120444","targetHints":{"allow":["GET"]}}],"collection":[{"href":"https:\/\/linitiative.ca\/International\/wp-json\/wp\/v2\/posts"}],"about":[{"href":"https:\/\/linitiative.ca\/International\/wp-json\/wp\/v2\/types\/post"}],"author":[{"embeddable":true,"href":"https:\/\/linitiative.ca\/International\/wp-json\/wp\/v2\/users\/1741"}],"replies":[{"embeddable":true,"href":"https:\/\/linitiative.ca\/International\/wp-json\/wp\/v2\/comments?post=120444"}],"version-history":[{"count":0,"href":"https:\/\/linitiative.ca\/International\/wp-json\/wp\/v2\/posts\/120444\/revisions"}],"wp:attachment":[{"href":"https:\/\/linitiative.ca\/International\/wp-json\/wp\/v2\/media?parent=120444"}],"wp:term":[{"taxonomy":"category","embeddable":true,"href":"https:\/\/linitiative.ca\/International\/wp-json\/wp\/v2\/categories?post=120444"},{"taxonomy":"post_tag","embeddable":true,"href":"https:\/\/linitiative.ca\/International\/wp-json\/wp\/v2\/tags?post=120444"}],"curies":[{"name":"wp","href":"https:\/\/api.w.org\/{rel}","templated":true}]}}