{"id":120445,"date":"2021-07-05T09:32:56","date_gmt":"2021-07-05T13:32:56","guid":{"rendered":"https:\/\/linitiative.ca\/International\/la-reforme-fiscale-en-mode-fast\/"},"modified":"2021-07-05T09:32:56","modified_gmt":"2021-07-05T13:32:56","slug":"la-reforme-fiscale-en-mode-fast","status":"publish","type":"post","link":"https:\/\/linitiative.ca\/International\/la-reforme-fiscale-en-mode-fast\/","title":{"rendered":"La r\u00e9forme fiscale en mode fast"},"content":{"rendered":"<div><img decoding=\"async\" width=\"1811\" height=\"1023\" src=\"https:\/\/linitiative.ca\/International\/wp-content\/uploads\/sites\/23\/2021\/07\/benchaaboun.jpg\" class=\"attachment-post-thumbnail size-post-thumbnail wp-post-image\" alt=\"\" loading=\"lazy\" srcset=\"https:\/\/linitiative.ca\/International\/wp-content\/uploads\/sites\/23\/2021\/07\/benchaaboun.jpg 1811w, https:\/\/www.challenge.ma\/wp-content\/uploads\/2020\/06\/benchaaboun-300x169.jpg 300w, https:\/\/www.challenge.ma\/wp-content\/uploads\/2020\/06\/benchaaboun-768x434.jpg 768w, https:\/\/www.challenge.ma\/wp-content\/uploads\/2020\/06\/benchaaboun-1024x578.jpg 1024w, https:\/\/www.challenge.ma\/wp-content\/uploads\/2020\/06\/benchaaboun-360x203.jpg 360w, https:\/\/www.challenge.ma\/wp-content\/uploads\/2020\/06\/benchaaboun-750x424.jpg 750w\" sizes=\"auto, (max-width: 1811px) 100vw, 1811px\" itemprop=\"image\">Plus de 2 ans apr\u00e8s les 3\u00e8mes assises nationales de la fiscalit\u00e9 (ANF), le projet de loi-cadre portant r\u00e9forme fiscale a \u00e9t\u00e9 adopt\u00e9 par le Conseil des ministres. Le Parlement a \u00e9t\u00e9 invit\u00e9 \u00e0 se prononcer en un temps record. Ce projet devait voir le jour imm\u00e9diatement apr\u00e8s les 3\u00e8mes<\/div>\n<p>Auteur: Mohamed Amine<br \/>\n<a href=\"https:\/\/www.challenge.ma\/la-reforme-fiscale-en-mode-fast-191366\/\">Cliquez ici pour lire l&rsquo;article depuis sa source.<\/a><\/p>\n","protected":false},"excerpt":{"rendered":"<p>Plus de 2 ans apr\u00e8s les 3\u00e8mes assises nationales de la fiscalit\u00e9 (ANF), le projet de loi-cadre portant r\u00e9forme fiscale a \u00e9t\u00e9 adopt\u00e9 par le Conseil des ministres. Le Parlement a \u00e9t\u00e9 invit\u00e9 \u00e0 se prononcer en un temps record. Ce projet devait voir le jour imm\u00e9diatement apr\u00e8s les 3\u00e8mes Auteur: Mohamed Amine Cliquez ici [&hellip;]<\/p>\n","protected":false},"author":1787,"featured_media":0,"comment_status":"closed","ping_status":"closed","sticky":false,"template":"","format":"standard","meta":{"fifu_image_url":"https:\/\/www.challenge.ma\/wp-content\/uploads\/2020\/06\/benchaaboun.jpg","fifu_image_alt":"La r\u00e9forme fiscale en mode fast","footnotes":""},"categories":[78,54],"tags":[],"class_list":["post-120445","post","type-post","status-publish","format-standard","hentry","category-economie","category-maroc"],"_links":{"self":[{"href":"https:\/\/linitiative.ca\/International\/wp-json\/wp\/v2\/posts\/120445","targetHints":{"allow":["GET"]}}],"collection":[{"href":"https:\/\/linitiative.ca\/International\/wp-json\/wp\/v2\/posts"}],"about":[{"href":"https:\/\/linitiative.ca\/International\/wp-json\/wp\/v2\/types\/post"}],"author":[{"embeddable":true,"href":"https:\/\/linitiative.ca\/International\/wp-json\/wp\/v2\/users\/1787"}],"replies":[{"embeddable":true,"href":"https:\/\/linitiative.ca\/International\/wp-json\/wp\/v2\/comments?post=120445"}],"version-history":[{"count":0,"href":"https:\/\/linitiative.ca\/International\/wp-json\/wp\/v2\/posts\/120445\/revisions"}],"wp:attachment":[{"href":"https:\/\/linitiative.ca\/International\/wp-json\/wp\/v2\/media?parent=120445"}],"wp:term":[{"taxonomy":"category","embeddable":true,"href":"https:\/\/linitiative.ca\/International\/wp-json\/wp\/v2\/categories?post=120445"},{"taxonomy":"post_tag","embeddable":true,"href":"https:\/\/linitiative.ca\/International\/wp-json\/wp\/v2\/tags?post=120445"}],"curies":[{"name":"wp","href":"https:\/\/api.w.org\/{rel}","templated":true}]}}