{"id":120451,"date":"2021-07-05T13:38:48","date_gmt":"2021-07-05T17:38:48","guid":{"rendered":"https:\/\/linitiative.ca\/International\/s-m-le-roi-preside-la-ceremonie-de-lancement-de-la-fabrication-du-vaccin-anti-covid19\/"},"modified":"2021-07-05T13:38:48","modified_gmt":"2021-07-05T17:38:48","slug":"s-m-le-roi-preside-la-ceremonie-de-lancement-de-la-fabrication-du-vaccin-anti-covid19","status":"publish","type":"post","link":"https:\/\/linitiative.ca\/International\/s-m-le-roi-preside-la-ceremonie-de-lancement-de-la-fabrication-du-vaccin-anti-covid19\/","title":{"rendered":"S.M. le Roi pr\u00e9side la c\u00e9r\u00e9monie de lancement de la fabrication du vaccin anti-Covid19"},"content":{"rendered":"<div><img decoding=\"async\" width=\"588\" height=\"331\" src=\"https:\/\/linitiative.ca\/International\/wp-content\/uploads\/sites\/23\/2021\/07\/s.m.-le-Roi-.jpeg\" class=\"attachment-post-thumbnail size-post-thumbnail wp-post-image\" alt=\"\" loading=\"lazy\" srcset=\"https:\/\/linitiative.ca\/International\/wp-content\/uploads\/sites\/23\/2021\/07\/s.m.-le-Roi-.jpeg 588w, https:\/\/www.challenge.ma\/wp-content\/uploads\/2021\/07\/s.m.-le-Roi--300x169.jpeg 300w, https:\/\/www.challenge.ma\/wp-content\/uploads\/2021\/07\/s.m.-le-Roi--360x203.jpeg 360w\" sizes=\"auto, (max-width: 588px) 100vw, 588px\" itemprop=\"image\">S.M. le Roi Mohammed VI a pr\u00e9sid\u00e9, le 5 juillet 2021 au Palais Royal de F\u00e8s, la c\u00e9r\u00e9monie de lancement et de signature de conventions relatives au projet de fabrication et de mise en seringue au Maroc du vaccin anti-Covid19 et autres vaccins. Ce projet structurant s\u2019inscrit dans le cadre<\/div>\n<p>Auteur: challenge<br \/>\n<a href=\"https:\/\/www.challenge.ma\/s-m-le-roi-preside-la-ceremonie-de-lancement-de-la-fabrication-du-vaccin-anti-covid19-191421\/\">Cliquez ici pour lire l&rsquo;article depuis sa source.<\/a><\/p>\n","protected":false},"excerpt":{"rendered":"<p>S.M. le Roi Mohammed VI a pr\u00e9sid\u00e9, le 5 juillet 2021 au Palais Royal de F\u00e8s, la c\u00e9r\u00e9monie de lancement et de signature de conventions relatives au projet de fabrication et de mise en seringue au Maroc du vaccin anti-Covid19 et autres vaccins. Ce projet structurant s\u2019inscrit dans le cadre Auteur: challenge Cliquez ici pour [&hellip;]<\/p>\n","protected":false},"author":1787,"featured_media":0,"comment_status":"closed","ping_status":"closed","sticky":false,"template":"","format":"standard","meta":{"fifu_image_url":"https:\/\/www.challenge.ma\/wp-content\/uploads\/2021\/07\/s.m.-le-Roi-.jpeg","fifu_image_alt":"S.M. le Roi pr\u00e9side la c\u00e9r\u00e9monie de lancement de la fabrication du vaccin anti-Covid19","footnotes":""},"categories":[78,54],"tags":[],"class_list":["post-120451","post","type-post","status-publish","format-standard","hentry","category-economie","category-maroc"],"_links":{"self":[{"href":"https:\/\/linitiative.ca\/International\/wp-json\/wp\/v2\/posts\/120451","targetHints":{"allow":["GET"]}}],"collection":[{"href":"https:\/\/linitiative.ca\/International\/wp-json\/wp\/v2\/posts"}],"about":[{"href":"https:\/\/linitiative.ca\/International\/wp-json\/wp\/v2\/types\/post"}],"author":[{"embeddable":true,"href":"https:\/\/linitiative.ca\/International\/wp-json\/wp\/v2\/users\/1787"}],"replies":[{"embeddable":true,"href":"https:\/\/linitiative.ca\/International\/wp-json\/wp\/v2\/comments?post=120451"}],"version-history":[{"count":0,"href":"https:\/\/linitiative.ca\/International\/wp-json\/wp\/v2\/posts\/120451\/revisions"}],"wp:attachment":[{"href":"https:\/\/linitiative.ca\/International\/wp-json\/wp\/v2\/media?parent=120451"}],"wp:term":[{"taxonomy":"category","embeddable":true,"href":"https:\/\/linitiative.ca\/International\/wp-json\/wp\/v2\/categories?post=120451"},{"taxonomy":"post_tag","embeddable":true,"href":"https:\/\/linitiative.ca\/International\/wp-json\/wp\/v2\/tags?post=120451"}],"curies":[{"name":"wp","href":"https:\/\/api.w.org\/{rel}","templated":true}]}}