{"id":120455,"date":"2021-07-05T15:51:31","date_gmt":"2021-07-05T19:51:31","guid":{"rendered":"https:\/\/linitiative.ca\/International\/tunisie-sfax-vingt-cadavres-rejetes-par-la-mer\/"},"modified":"2021-07-05T15:51:31","modified_gmt":"2021-07-05T19:51:31","slug":"tunisie-sfax-vingt-cadavres-rejetes-par-la-mer","status":"publish","type":"post","link":"https:\/\/linitiative.ca\/International\/tunisie-sfax-vingt-cadavres-rejetes-par-la-mer\/","title":{"rendered":"Tunisie \u2013 Sfax\u00a0: Vingt cadavres rejet\u00e9s par la mer"},"content":{"rendered":"<div>\n<p>Les services de la protection civile de Sfax ont proc\u00e9d\u00e9 \u00e0 l\u2019enl\u00e8vement de vingt cadavres rejet\u00e9s par la mer, le long du littoral de la r\u00e9gion. Ces cadavres \u00e9taient ceux de migrants d\u2019Afrique sub saharienne qui seraient d\u00e9c\u00e9d\u00e9s noy\u00e9s, depuis plusieurs jours, comme en t\u00e9moignait l\u2019\u00e9tat de d\u00e9composition dans lequel ils \u00e9taient.<\/p>\n<p>L\u2019article <a href=\"https:\/\/www.tunisienumerique.com\/tunisie-sfax-vingt-cadavres-rejetes-par-la-mer\/\">Tunisie \u2013 Sfax\u00a0: Vingt cadavres rejet\u00e9s par la mer<\/a> est apparu en premier sur <a href=\"https:\/\/www.tunisienumerique.com\/\">Tunisie<\/a>.<\/p>\n<\/div>\n<p>Auteur: LM<br \/>\n<a href=\"https:\/\/www.tunisienumerique.com\/tunisie-sfax-vingt-cadavres-rejetes-par-la-mer\/\">Cliquez ici pour lire l&rsquo;article depuis sa source.<\/a><\/p>\n","protected":false},"excerpt":{"rendered":"<p>Les services de la protection civile de Sfax ont proc\u00e9d\u00e9 \u00e0 l\u2019enl\u00e8vement de vingt cadavres rejet\u00e9s par la mer, le long du littoral de la r\u00e9gion. Ces cadavres \u00e9taient ceux de migrants d\u2019Afrique sub saharienne qui seraient d\u00e9c\u00e9d\u00e9s noy\u00e9s, depuis plusieurs jours, comme en t\u00e9moignait l\u2019\u00e9tat de d\u00e9composition dans lequel ils \u00e9taient. L\u2019article Tunisie \u2013 [&hellip;]<\/p>\n","protected":false},"author":1789,"featured_media":0,"comment_status":"closed","ping_status":"closed","sticky":false,"template":"","format":"standard","meta":{"fifu_image_url":"","fifu_image_alt":"","footnotes":""},"categories":[73,55],"tags":[],"class_list":["post-120455","post","type-post","status-publish","format-standard","hentry","category-actualite","category-tunisie"],"_links":{"self":[{"href":"https:\/\/linitiative.ca\/International\/wp-json\/wp\/v2\/posts\/120455","targetHints":{"allow":["GET"]}}],"collection":[{"href":"https:\/\/linitiative.ca\/International\/wp-json\/wp\/v2\/posts"}],"about":[{"href":"https:\/\/linitiative.ca\/International\/wp-json\/wp\/v2\/types\/post"}],"author":[{"embeddable":true,"href":"https:\/\/linitiative.ca\/International\/wp-json\/wp\/v2\/users\/1789"}],"replies":[{"embeddable":true,"href":"https:\/\/linitiative.ca\/International\/wp-json\/wp\/v2\/comments?post=120455"}],"version-history":[{"count":0,"href":"https:\/\/linitiative.ca\/International\/wp-json\/wp\/v2\/posts\/120455\/revisions"}],"wp:attachment":[{"href":"https:\/\/linitiative.ca\/International\/wp-json\/wp\/v2\/media?parent=120455"}],"wp:term":[{"taxonomy":"category","embeddable":true,"href":"https:\/\/linitiative.ca\/International\/wp-json\/wp\/v2\/categories?post=120455"},{"taxonomy":"post_tag","embeddable":true,"href":"https:\/\/linitiative.ca\/International\/wp-json\/wp\/v2\/tags?post=120455"}],"curies":[{"name":"wp","href":"https:\/\/api.w.org\/{rel}","templated":true}]}}