{"id":120456,"date":"2021-07-05T16:01:46","date_gmt":"2021-07-05T20:01:46","guid":{"rendered":"https:\/\/linitiative.ca\/International\/tunisie-les-raisons-de-labsence-de-ghannouchi-de-la-reunion-de-carthage\/"},"modified":"2021-07-05T16:01:46","modified_gmt":"2021-07-05T20:01:46","slug":"tunisie-les-raisons-de-labsence-de-ghannouchi-de-la-reunion-de-carthage","status":"publish","type":"post","link":"https:\/\/linitiative.ca\/International\/tunisie-les-raisons-de-labsence-de-ghannouchi-de-la-reunion-de-carthage\/","title":{"rendered":"Tunisie \u2013 Les raisons de l\u2019absence de Ghannouchi de la r\u00e9union de Carthage"},"content":{"rendered":"<div>\n<p>L\u2019absence du pr\u00e9sident de l\u2019ARP, Rached Ghannouchi, \u00e0 la r\u00e9union pr\u00e9sid\u00e9e, cet apr\u00e8s midi, au palais de Carthage, par Ka\u00efs Sa\u00efed, et qui a regroup\u00e9 le chef du gouvernement, plusieurs ministres, ainsi que de hauts cadres de l\u2019arm\u00e9e et de la sant\u00e9, et le gouverneur de la BCT. Pour r\u00e9pondre \u00e0 ces questionnements, le d\u00e9put\u00e9 [\u2026]<\/p>\n<p>L\u2019article <a href=\"https:\/\/www.tunisienumerique.com\/tunisie-les-raisons-de-labsence-de-ghannouchi-de-la-reunion-de-carthage\/\">Tunisie \u2013 Les raisons de l\u2019absence de Ghannouchi de la r\u00e9union de Carthage<\/a> est apparu en premier sur <a href=\"https:\/\/www.tunisienumerique.com\/\">Tunisie<\/a>.<\/p>\n<\/div>\n<p>Auteur: LM<br \/>\n<a href=\"https:\/\/www.tunisienumerique.com\/tunisie-les-raisons-de-labsence-de-ghannouchi-de-la-reunion-de-carthage\/\">Cliquez ici pour lire l&rsquo;article depuis sa source.<\/a><\/p>\n","protected":false},"excerpt":{"rendered":"<p>L\u2019absence du pr\u00e9sident de l\u2019ARP, Rached Ghannouchi, \u00e0 la r\u00e9union pr\u00e9sid\u00e9e, cet apr\u00e8s midi, au palais de Carthage, par Ka\u00efs Sa\u00efed, et qui a regroup\u00e9 le chef du gouvernement, plusieurs ministres, ainsi que de hauts cadres de l\u2019arm\u00e9e et de la sant\u00e9, et le gouverneur de la BCT. Pour r\u00e9pondre \u00e0 ces questionnements, le d\u00e9put\u00e9 [&hellip;]<\/p>\n","protected":false},"author":1789,"featured_media":0,"comment_status":"closed","ping_status":"closed","sticky":false,"template":"","format":"standard","meta":{"fifu_image_url":"","fifu_image_alt":"","footnotes":""},"categories":[73,55],"tags":[],"class_list":["post-120456","post","type-post","status-publish","format-standard","hentry","category-actualite","category-tunisie"],"_links":{"self":[{"href":"https:\/\/linitiative.ca\/International\/wp-json\/wp\/v2\/posts\/120456","targetHints":{"allow":["GET"]}}],"collection":[{"href":"https:\/\/linitiative.ca\/International\/wp-json\/wp\/v2\/posts"}],"about":[{"href":"https:\/\/linitiative.ca\/International\/wp-json\/wp\/v2\/types\/post"}],"author":[{"embeddable":true,"href":"https:\/\/linitiative.ca\/International\/wp-json\/wp\/v2\/users\/1789"}],"replies":[{"embeddable":true,"href":"https:\/\/linitiative.ca\/International\/wp-json\/wp\/v2\/comments?post=120456"}],"version-history":[{"count":0,"href":"https:\/\/linitiative.ca\/International\/wp-json\/wp\/v2\/posts\/120456\/revisions"}],"wp:attachment":[{"href":"https:\/\/linitiative.ca\/International\/wp-json\/wp\/v2\/media?parent=120456"}],"wp:term":[{"taxonomy":"category","embeddable":true,"href":"https:\/\/linitiative.ca\/International\/wp-json\/wp\/v2\/categories?post=120456"},{"taxonomy":"post_tag","embeddable":true,"href":"https:\/\/linitiative.ca\/International\/wp-json\/wp\/v2\/tags?post=120456"}],"curies":[{"name":"wp","href":"https:\/\/api.w.org\/{rel}","templated":true}]}}