{"id":120457,"date":"2021-07-05T16:04:20","date_gmt":"2021-07-05T20:04:20","guid":{"rendered":"https:\/\/linitiative.ca\/International\/confinement-le-weekend-le-gouverneur-de-tunis-jette-le-bebe-avec-leau-du-bain\/"},"modified":"2021-07-05T16:04:20","modified_gmt":"2021-07-05T20:04:20","slug":"confinement-le-weekend-le-gouverneur-de-tunis-jette-le-bebe-avec-leau-du-bain","status":"publish","type":"post","link":"https:\/\/linitiative.ca\/International\/confinement-le-weekend-le-gouverneur-de-tunis-jette-le-bebe-avec-leau-du-bain\/","title":{"rendered":"Confinement le weekend : Le gouverneur de Tunis jette le b\u00e9b\u00e9 avec l\u2019eau du bain"},"content":{"rendered":"<div>\n<p>La commission r\u00e9gionale de lutte contre les catastrophes de Tunis r\u00e9unie aujourd\u2019hui lundi 5 juillet 2021, au si\u00e8ge du gouvernorat de Tunis, a d\u00e9cr\u00e9t\u00e9 un confinement g\u00e9n\u00e9ral en fin de semaine, \u00e0 compter du week-end prochain, et ce, pendant deux semaines cons\u00e9cutives. Cette d\u00e9cision s\u2019appliquera les 10,11, 17 et 18 juillet, et est reconductible. Le [\u2026]<\/p>\n<p>L\u2019article <a href=\"https:\/\/www.tunisienumerique.com\/confinement-le-weekend-le-gouverneur-de-tunis-jette-le-bebe-avec-leau-du-bain\/\">Confinement le weekend : Le gouverneur de Tunis jette le b\u00e9b\u00e9 avec l\u2019eau du bain<\/a> est apparu en premier sur <a href=\"https:\/\/www.tunisienumerique.com\/\">Tunisie<\/a>.<\/p>\n<\/div>\n<p>Auteur: Mohamed Ben Abderrazek<br \/>\n<a href=\"https:\/\/www.tunisienumerique.com\/confinement-le-weekend-le-gouverneur-de-tunis-jette-le-bebe-avec-leau-du-bain\/\">Cliquez ici pour lire l&rsquo;article depuis sa source.<\/a><\/p>\n","protected":false},"excerpt":{"rendered":"<p>La commission r\u00e9gionale de lutte contre les catastrophes de Tunis r\u00e9unie aujourd\u2019hui lundi 5 juillet 2021, au si\u00e8ge du gouvernorat de Tunis, a d\u00e9cr\u00e9t\u00e9 un confinement g\u00e9n\u00e9ral en fin de semaine, \u00e0 compter du week-end prochain, et ce, pendant deux semaines cons\u00e9cutives. Cette d\u00e9cision s\u2019appliquera les 10,11, 17 et 18 juillet, et est reconductible. Le [&hellip;]<\/p>\n","protected":false},"author":1789,"featured_media":0,"comment_status":"closed","ping_status":"closed","sticky":false,"template":"","format":"standard","meta":{"fifu_image_url":"","fifu_image_alt":"","footnotes":""},"categories":[73,55],"tags":[],"class_list":["post-120457","post","type-post","status-publish","format-standard","hentry","category-actualite","category-tunisie"],"_links":{"self":[{"href":"https:\/\/linitiative.ca\/International\/wp-json\/wp\/v2\/posts\/120457","targetHints":{"allow":["GET"]}}],"collection":[{"href":"https:\/\/linitiative.ca\/International\/wp-json\/wp\/v2\/posts"}],"about":[{"href":"https:\/\/linitiative.ca\/International\/wp-json\/wp\/v2\/types\/post"}],"author":[{"embeddable":true,"href":"https:\/\/linitiative.ca\/International\/wp-json\/wp\/v2\/users\/1789"}],"replies":[{"embeddable":true,"href":"https:\/\/linitiative.ca\/International\/wp-json\/wp\/v2\/comments?post=120457"}],"version-history":[{"count":0,"href":"https:\/\/linitiative.ca\/International\/wp-json\/wp\/v2\/posts\/120457\/revisions"}],"wp:attachment":[{"href":"https:\/\/linitiative.ca\/International\/wp-json\/wp\/v2\/media?parent=120457"}],"wp:term":[{"taxonomy":"category","embeddable":true,"href":"https:\/\/linitiative.ca\/International\/wp-json\/wp\/v2\/categories?post=120457"},{"taxonomy":"post_tag","embeddable":true,"href":"https:\/\/linitiative.ca\/International\/wp-json\/wp\/v2\/tags?post=120457"}],"curies":[{"name":"wp","href":"https:\/\/api.w.org\/{rel}","templated":true}]}}