{"id":120458,"date":"2021-07-05T16:07:28","date_gmt":"2021-07-05T20:07:28","guid":{"rendered":"https:\/\/linitiative.ca\/International\/maroc-coronavirus-le-royaume-se-lance-dans-la-fabrication-du-vaccin-anti-covid-19\/"},"modified":"2021-07-05T16:07:28","modified_gmt":"2021-07-05T20:07:28","slug":"maroc-coronavirus-le-royaume-se-lance-dans-la-fabrication-du-vaccin-anti-covid-19","status":"publish","type":"post","link":"https:\/\/linitiative.ca\/International\/maroc-coronavirus-le-royaume-se-lance-dans-la-fabrication-du-vaccin-anti-covid-19\/","title":{"rendered":"Maroc-Coronavirus : Le Royaume se lance dans la fabrication du vaccin anti Covid-19"},"content":{"rendered":"<div>\n<p>Le Roi du Maroc, Mohammed VI a supervis\u00e9, ce lundi 5 juillet 2021 au Palais Royal de F\u00e8s, la c\u00e9r\u00e9monie de lancement et de signature de conventions relatives au projet de fabrication du vaccin anti Covid-19 et autres vaccins au Maroc. Ce projet s\u2019inscrit dans le cadre de la volont\u00e9 du Roi de faire du [\u2026]<\/p>\n<p>L\u2019article <a href=\"https:\/\/www.tunisienumerique.com\/maroc-coronavirus-le-royaume-se-lance-dans-la-fabrication-du-vaccin-anti-covid-19\/\">Maroc-Coronavirus : Le Royaume se lance dans la fabrication du vaccin anti Covid-19<\/a> est apparu en premier sur <a href=\"https:\/\/www.tunisienumerique.com\/\">Tunisie<\/a>.<\/p>\n<\/div>\n<p>Auteur: rania ben slimane<br \/>\n<a href=\"https:\/\/www.tunisienumerique.com\/maroc-coronavirus-le-royaume-se-lance-dans-la-fabrication-du-vaccin-anti-covid-19\/\">Cliquez ici pour lire l&rsquo;article depuis sa source.<\/a><\/p>\n","protected":false},"excerpt":{"rendered":"<p>Le Roi du Maroc, Mohammed VI a supervis\u00e9, ce lundi 5 juillet 2021 au Palais Royal de F\u00e8s, la c\u00e9r\u00e9monie de lancement et de signature de conventions relatives au projet de fabrication du vaccin anti Covid-19 et autres vaccins au Maroc. Ce projet s\u2019inscrit dans le cadre de la volont\u00e9 du Roi de faire du [&hellip;]<\/p>\n","protected":false},"author":1789,"featured_media":0,"comment_status":"closed","ping_status":"closed","sticky":false,"template":"","format":"standard","meta":{"fifu_image_url":"","fifu_image_alt":"","footnotes":""},"categories":[73,55],"tags":[],"class_list":["post-120458","post","type-post","status-publish","format-standard","hentry","category-actualite","category-tunisie"],"_links":{"self":[{"href":"https:\/\/linitiative.ca\/International\/wp-json\/wp\/v2\/posts\/120458","targetHints":{"allow":["GET"]}}],"collection":[{"href":"https:\/\/linitiative.ca\/International\/wp-json\/wp\/v2\/posts"}],"about":[{"href":"https:\/\/linitiative.ca\/International\/wp-json\/wp\/v2\/types\/post"}],"author":[{"embeddable":true,"href":"https:\/\/linitiative.ca\/International\/wp-json\/wp\/v2\/users\/1789"}],"replies":[{"embeddable":true,"href":"https:\/\/linitiative.ca\/International\/wp-json\/wp\/v2\/comments?post=120458"}],"version-history":[{"count":0,"href":"https:\/\/linitiative.ca\/International\/wp-json\/wp\/v2\/posts\/120458\/revisions"}],"wp:attachment":[{"href":"https:\/\/linitiative.ca\/International\/wp-json\/wp\/v2\/media?parent=120458"}],"wp:term":[{"taxonomy":"category","embeddable":true,"href":"https:\/\/linitiative.ca\/International\/wp-json\/wp\/v2\/categories?post=120458"},{"taxonomy":"post_tag","embeddable":true,"href":"https:\/\/linitiative.ca\/International\/wp-json\/wp\/v2\/tags?post=120458"}],"curies":[{"name":"wp","href":"https:\/\/api.w.org\/{rel}","templated":true}]}}