{"id":120459,"date":"2021-07-05T16:12:40","date_gmt":"2021-07-05T20:12:40","guid":{"rendered":"https:\/\/linitiative.ca\/International\/tunisie-covid-le-pire-reste-a-craindre-pour-les-deux-semaines-a-venir\/"},"modified":"2021-07-05T16:12:40","modified_gmt":"2021-07-05T20:12:40","slug":"tunisie-covid-le-pire-reste-a-craindre-pour-les-deux-semaines-a-venir","status":"publish","type":"post","link":"https:\/\/linitiative.ca\/International\/tunisie-covid-le-pire-reste-a-craindre-pour-les-deux-semaines-a-venir\/","title":{"rendered":"Tunisie \u2013 Covid\u00a0: Le pire reste \u00e0 craindre pour les deux semaines \u00e0 venir"},"content":{"rendered":"<div>\n<p>Le pr\u00e9sident du comit\u00e9 m\u00e9dical de l\u2019h\u00f4pital Charles Nicole de Tunis a assur\u00e9 que la situation au service des urgences et dans les autres services de l\u2019h\u00f4pital, a \u00e9t\u00e9 ing\u00e9rable, durant ce week end. Il a assur\u00e9 que le nombre des consultants qui ont afflu\u00e9 vers les urgences a d\u00e9pass\u00e9 les capacit\u00e9s de l\u2019h\u00f4pital, ajoutant [\u2026]<\/p>\n<p>L\u2019article <a href=\"https:\/\/www.tunisienumerique.com\/tunisie-covid-le-pire-reste-a-craindre-pour-les-deux-semaines-a-venir\/\">Tunisie \u2013 Covid\u00a0: Le pire reste \u00e0 craindre pour les deux semaines \u00e0 venir<\/a> est apparu en premier sur <a href=\"https:\/\/www.tunisienumerique.com\/\">Tunisie<\/a>.<\/p>\n<\/div>\n<p>Auteur: LM<br \/>\n<a href=\"https:\/\/www.tunisienumerique.com\/tunisie-covid-le-pire-reste-a-craindre-pour-les-deux-semaines-a-venir\/\">Cliquez ici pour lire l&rsquo;article depuis sa source.<\/a><\/p>\n","protected":false},"excerpt":{"rendered":"<p>Le pr\u00e9sident du comit\u00e9 m\u00e9dical de l\u2019h\u00f4pital Charles Nicole de Tunis a assur\u00e9 que la situation au service des urgences et dans les autres services de l\u2019h\u00f4pital, a \u00e9t\u00e9 ing\u00e9rable, durant ce week end. Il a assur\u00e9 que le nombre des consultants qui ont afflu\u00e9 vers les urgences a d\u00e9pass\u00e9 les capacit\u00e9s de l\u2019h\u00f4pital, ajoutant [&hellip;]<\/p>\n","protected":false},"author":1789,"featured_media":0,"comment_status":"closed","ping_status":"closed","sticky":false,"template":"","format":"standard","meta":{"fifu_image_url":"","fifu_image_alt":"","footnotes":""},"categories":[73,55],"tags":[],"class_list":["post-120459","post","type-post","status-publish","format-standard","hentry","category-actualite","category-tunisie"],"_links":{"self":[{"href":"https:\/\/linitiative.ca\/International\/wp-json\/wp\/v2\/posts\/120459","targetHints":{"allow":["GET"]}}],"collection":[{"href":"https:\/\/linitiative.ca\/International\/wp-json\/wp\/v2\/posts"}],"about":[{"href":"https:\/\/linitiative.ca\/International\/wp-json\/wp\/v2\/types\/post"}],"author":[{"embeddable":true,"href":"https:\/\/linitiative.ca\/International\/wp-json\/wp\/v2\/users\/1789"}],"replies":[{"embeddable":true,"href":"https:\/\/linitiative.ca\/International\/wp-json\/wp\/v2\/comments?post=120459"}],"version-history":[{"count":0,"href":"https:\/\/linitiative.ca\/International\/wp-json\/wp\/v2\/posts\/120459\/revisions"}],"wp:attachment":[{"href":"https:\/\/linitiative.ca\/International\/wp-json\/wp\/v2\/media?parent=120459"}],"wp:term":[{"taxonomy":"category","embeddable":true,"href":"https:\/\/linitiative.ca\/International\/wp-json\/wp\/v2\/categories?post=120459"},{"taxonomy":"post_tag","embeddable":true,"href":"https:\/\/linitiative.ca\/International\/wp-json\/wp\/v2\/tags?post=120459"}],"curies":[{"name":"wp","href":"https:\/\/api.w.org\/{rel}","templated":true}]}}