{"id":120460,"date":"2021-07-05T15:41:21","date_gmt":"2021-07-05T19:41:21","guid":{"rendered":"https:\/\/linitiative.ca\/International\/enlevement-de-civils-au-nigeria\/"},"modified":"2021-07-05T15:41:21","modified_gmt":"2021-07-05T19:41:21","slug":"enlevement-de-civils-au-nigeria","status":"publish","type":"post","link":"https:\/\/linitiative.ca\/International\/enlevement-de-civils-au-nigeria\/","title":{"rendered":"ENLEVEMENT DE CIVILS AU NIGERIA"},"content":{"rendered":"<div>\n<p><img decoding=\"async\" width=\"2000\" height=\"1125\" src=\"https:\/\/linitiative.ca\/International\/wp-content\/uploads\/sites\/23\/2021\/07\/ENLEVEMENT.jpg\" class=\"attachment- size- wp-post-image\" alt=\"\" loading=\"lazy\" style=\"float:left; margin:0 15px 15px 0;\" srcset=\"https:\/\/linitiative.ca\/International\/wp-content\/uploads\/sites\/23\/2021\/07\/ENLEVEMENT.jpg 2000w, https:\/\/lepays.bf\/wp-content\/uploads\/2021\/07\/ENLEVEMENT-300x169.jpg 300w, https:\/\/lepays.bf\/wp-content\/uploads\/2021\/07\/ENLEVEMENT-1024x576.jpg 1024w, https:\/\/lepays.bf\/wp-content\/uploads\/2021\/07\/ENLEVEMENT-768x432.jpg 768w, https:\/\/lepays.bf\/wp-content\/uploads\/2021\/07\/ENLEVEMENT-1536x864.jpg 1536w, https:\/\/lepays.bf\/wp-content\/uploads\/2021\/07\/ENLEVEMENT-390x220.jpg 390w\" sizes=\"auto, (max-width: 2000px) 100vw, 2000px\">Les enl\u00e8vements se suivent et se ressemblent au Nig\u00e9ria. C\u2019est le moins que l\u2019on puisse dire. En effet, apr\u00e8s le rapt, le 16 f\u00e9vrier dernier, de 42 civils compos\u00e9s d\u2019\u00e9l\u00e8ves, d\u2019enseignants et de parents d\u2019\u00e9l\u00e8ves, les terroristes ont encore fait parler d\u2019eux. Ils ont kidnapp\u00e9 165 lyc\u00e9ens qui dormaient dans un pensionnat dans le Nord-Ouest \u2026<\/p>\n<p>L\u2019article <a rel=\"nofollow\" href=\"https:\/\/lepays.bf\/enlevement-de-civils-au-nigeria\/\">ENLEVEMENT DE CIVILS AU NIGERIA<\/a> est apparu en premier sur <a rel=\"nofollow\" href=\"https:\/\/lepays.bf\/\">Editions Le Pays<\/a>.<\/p>\n<\/div>\n<p>Auteur: Editions LEPAYS<br \/>\n<a href=\"https:\/\/lepays.bf\/enlevement-de-civils-au-nigeria\/\">Cliquez ici pour lire l&rsquo;article depuis sa source.<\/a><\/p>\n","protected":false},"excerpt":{"rendered":"<p>Les enl\u00e8vements se suivent et se ressemblent au Nig\u00e9ria. C\u2019est le moins que l\u2019on puisse dire. En effet, apr\u00e8s le rapt, le 16 f\u00e9vrier dernier, de 42 civils compos\u00e9s d\u2019\u00e9l\u00e8ves, d\u2019enseignants et de parents d\u2019\u00e9l\u00e8ves, les terroristes ont encore fait parler d\u2019eux. Ils ont kidnapp\u00e9 165 lyc\u00e9ens qui dormaient dans un pensionnat dans le Nord-Ouest [&hellip;]<\/p>\n","protected":false},"author":1813,"featured_media":0,"comment_status":"closed","ping_status":"closed","sticky":false,"template":"","format":"standard","meta":{"fifu_image_url":"https:\/\/lepays.bf\/wp-content\/uploads\/2021\/07\/ENLEVEMENT.jpg","fifu_image_alt":"ENLEVEMENT DE CIVILS AU NIGERIA","footnotes":""},"categories":[73,81],"tags":[],"class_list":["post-120460","post","type-post","status-publish","format-standard","hentry","category-actualite","category-burkina-faso"],"_links":{"self":[{"href":"https:\/\/linitiative.ca\/International\/wp-json\/wp\/v2\/posts\/120460","targetHints":{"allow":["GET"]}}],"collection":[{"href":"https:\/\/linitiative.ca\/International\/wp-json\/wp\/v2\/posts"}],"about":[{"href":"https:\/\/linitiative.ca\/International\/wp-json\/wp\/v2\/types\/post"}],"author":[{"embeddable":true,"href":"https:\/\/linitiative.ca\/International\/wp-json\/wp\/v2\/users\/1813"}],"replies":[{"embeddable":true,"href":"https:\/\/linitiative.ca\/International\/wp-json\/wp\/v2\/comments?post=120460"}],"version-history":[{"count":0,"href":"https:\/\/linitiative.ca\/International\/wp-json\/wp\/v2\/posts\/120460\/revisions"}],"wp:attachment":[{"href":"https:\/\/linitiative.ca\/International\/wp-json\/wp\/v2\/media?parent=120460"}],"wp:term":[{"taxonomy":"category","embeddable":true,"href":"https:\/\/linitiative.ca\/International\/wp-json\/wp\/v2\/categories?post=120460"},{"taxonomy":"post_tag","embeddable":true,"href":"https:\/\/linitiative.ca\/International\/wp-json\/wp\/v2\/tags?post=120460"}],"curies":[{"name":"wp","href":"https:\/\/api.w.org\/{rel}","templated":true}]}}