{"id":120463,"date":"2021-07-05T16:41:29","date_gmt":"2021-07-05T20:41:29","guid":{"rendered":"https:\/\/linitiative.ca\/International\/journee-bissakou-de-beguedo-la-culture-bissa-celebree-dans-lunion\/"},"modified":"2021-07-05T16:41:29","modified_gmt":"2021-07-05T20:41:29","slug":"journee-bissakou-de-beguedo-la-culture-bissa-celebree-dans-lunion","status":"publish","type":"post","link":"https:\/\/linitiative.ca\/International\/journee-bissakou-de-beguedo-la-culture-bissa-celebree-dans-lunion\/","title":{"rendered":"Journ\u00e9e \u00ab\u00a0Bissakou\u00a0\u00bb de B\u00e9gu\u00e9do : La culture bissa c\u00e9l\u00e9br\u00e9e dans l\u2019union"},"content":{"rendered":"<div>\n<p>Organis\u00e9e par l\u2019Association des jeunes acteurs pour le d\u00e9veloppement de Bissakou de B\u00e9gu\u00e9do, la Ve \u00e9dition de la journ\u00e9e culturelle \u00ab\u00a0Bissakou\u00a0\u00bb a eu lieu le samedi 26 juin 2021 dans la commune rurale de B\u00e9gu\u00e9do.<\/p>\n<p>L\u2019Association des jeunes acteurs pour le d\u00e9veloppement de Bissakou de B\u00e9gu\u00e9do (AJDB) promeut, depuis sa cr\u00e9ation, la fraternit\u00e9, la coh\u00e9sion sociale et le vivre-ensemble, entre les filles et fils de la localit\u00e9, \u00e0 travers sa journ\u00e9e culturelle \u00ab\u00a0Bissakou\u00a0\u00bb. Fid\u00e8le \u00e0 sa tradition, la structure a organis\u00e9, le samedi 26 juin 2021 dans la commune rurale de B\u00e9gu\u00e9do, la Ve \u00e9dition de l\u2019\u00e9v\u00e9nement, parrain\u00e9e par le d\u00e9put\u00e9 et pr\u00e9sident de la Haute Cour de Justice, Khalil Bara. Selon le pr\u00e9sident de l\u2019AJDB, Mazou Noni, la culture traditionnelle et la musique moderne du terroir bissa ont \u00e9t\u00e9, \u00e0 cette occasion, magnifi\u00e9es dans toutes leurs facettes en sons et en lumi\u00e8re.<\/p>\n<p>Des artistes musiciens natifs de la province, a poursuivi M. Noni, ont tenu en haleine le nombreux public qui a fait le d\u00e9placement au stade municipal de B\u00e9gu\u00e9do, en montrant leur savoir-faire en musique moderne et danses traditionnelles du terroir. L\u2019objectif global vis\u00e9 \u00e0 travers cette journ\u00e9e, a-t-il pr\u00e9cis\u00e9, est de faire rayonner et d\u00e9velopper la culture bissa dans la province du Boulgou et la culture burkinab\u00e8 de fa\u00e7on g\u00e9n\u00e9rale dans la r\u00e9gion du Centre-Est. Il a t\u00e9moign\u00e9 sa gratitude au parrain de ce Ve rendez-vous et \u00e0 l\u2019ensemble des ressortissants de la province du Boulgou pour leur contribution \u00e0 la r\u00e9ussite de \u00ab\u00a0Bissakou\u00a0\u00bb 2021. Le parrain et pr\u00e9sident de la Haute Cour de Justice, Khalil Bara, a appel\u00e9 les populations (de B\u00e9gu\u00e9do, province du Boulgou, et r\u00e9gion du Centre-Est), notamment sa frange jeune \u00e0 s\u2019unir afin de travailler dans la s\u00e9r\u00e9nit\u00e9 pour le d\u00e9veloppement de leur r\u00e9gion. \u00abNous les invitons \u00e9galement \u00e0 la solidarit\u00e9, \u00e0 l\u2019entente et \u00e0 surtout privil\u00e9gier le dialogue en toute circonstance \u00bb, a d\u00e9clar\u00e9 M. Bara.<\/p>\n<p>Il a, par ailleurs, donn\u00e9 rendez-vous aux jeunes, avec son \u00ab\u00a0a\u00een\u00e9\u00a0\u00bb, le d\u00e9put\u00e9 Raymond Balima, aux journ\u00e9es de redevabilit\u00e9, qui seront organis\u00e9es dans les prochains jours. A ces rencontres, les questions du vivre-ensemble, de la coh\u00e9sion sociale et du d\u00e9veloppement harmonieux de la province et bien d\u2019autres sujets, a-t-il dit, vont \u00eatre discut\u00e9es avec les jeunes, en particulier et la population de la province et de la r\u00e9gion du Centre-Est, en g\u00e9n\u00e9ral.<\/p>\n<p style=\"text-align: right\"><strong>\u00a0Bougnan NAON<\/strong><br \/>\nnaon_2012@yahoo.fr<\/p>\n<p>L\u2019article <a rel=\"nofollow\" href=\"https:\/\/www.sidwaya.info\/blog\/2021\/07\/05\/journee-bissakou-de-beguedo-la-culture-bissa-celebree-dans-lunion\/\">Journ\u00e9e \u00ab\u00a0Bissakou\u00a0\u00bb de B\u00e9gu\u00e9do : La culture bissa c\u00e9l\u00e9br\u00e9e dans l\u2019union<\/a> est apparu en premier sur <a rel=\"nofollow\" href=\"https:\/\/www.sidwaya.info\/\">Quotidien Sidwaya<\/a>.<\/p>\n<\/div>\n<p>Auteur: JK. Sidwaya<br \/>\n<a href=\"https:\/\/www.sidwaya.info\/blog\/2021\/07\/05\/journee-bissakou-de-beguedo-la-culture-bissa-celebree-dans-lunion\/\">Cliquez ici pour lire l&rsquo;article depuis sa source.<\/a><\/p>\n","protected":false},"excerpt":{"rendered":"<p>Organis\u00e9e par l\u2019Association des jeunes acteurs pour le d\u00e9veloppement de Bissakou de B\u00e9gu\u00e9do, la Ve \u00e9dition de la journ\u00e9e culturelle \u00ab\u00a0Bissakou\u00a0\u00bb a eu lieu le samedi 26 juin 2021 dans la commune rurale de B\u00e9gu\u00e9do. L\u2019Association des jeunes acteurs pour le d\u00e9veloppement de Bissakou de B\u00e9gu\u00e9do (AJDB) promeut, depuis sa cr\u00e9ation, la fraternit\u00e9, la coh\u00e9sion [&hellip;]<\/p>\n","protected":false},"author":1816,"featured_media":0,"comment_status":"closed","ping_status":"closed","sticky":false,"template":"","format":"standard","meta":{"fifu_image_url":"","fifu_image_alt":"","footnotes":""},"categories":[73,81],"tags":[],"class_list":["post-120463","post","type-post","status-publish","format-standard","hentry","category-actualite","category-burkina-faso"],"_links":{"self":[{"href":"https:\/\/linitiative.ca\/International\/wp-json\/wp\/v2\/posts\/120463","targetHints":{"allow":["GET"]}}],"collection":[{"href":"https:\/\/linitiative.ca\/International\/wp-json\/wp\/v2\/posts"}],"about":[{"href":"https:\/\/linitiative.ca\/International\/wp-json\/wp\/v2\/types\/post"}],"author":[{"embeddable":true,"href":"https:\/\/linitiative.ca\/International\/wp-json\/wp\/v2\/users\/1816"}],"replies":[{"embeddable":true,"href":"https:\/\/linitiative.ca\/International\/wp-json\/wp\/v2\/comments?post=120463"}],"version-history":[{"count":0,"href":"https:\/\/linitiative.ca\/International\/wp-json\/wp\/v2\/posts\/120463\/revisions"}],"wp:attachment":[{"href":"https:\/\/linitiative.ca\/International\/wp-json\/wp\/v2\/media?parent=120463"}],"wp:term":[{"taxonomy":"category","embeddable":true,"href":"https:\/\/linitiative.ca\/International\/wp-json\/wp\/v2\/categories?post=120463"},{"taxonomy":"post_tag","embeddable":true,"href":"https:\/\/linitiative.ca\/International\/wp-json\/wp\/v2\/tags?post=120463"}],"curies":[{"name":"wp","href":"https:\/\/api.w.org\/{rel}","templated":true}]}}