{"id":120464,"date":"2021-07-05T16:46:47","date_gmt":"2021-07-05T20:46:47","guid":{"rendered":"https:\/\/linitiative.ca\/International\/arts-plastiques-des-tableaux-deconfines-a-decouvrir-a-lanapap\/"},"modified":"2021-07-05T16:46:47","modified_gmt":"2021-07-05T20:46:47","slug":"arts-plastiques-des-tableaux-deconfines-a-decouvrir-a-lanapap","status":"publish","type":"post","link":"https:\/\/linitiative.ca\/International\/arts-plastiques-des-tableaux-deconfines-a-decouvrir-a-lanapap\/","title":{"rendered":"Arts plastiques  : Des tableaux \u00ab\u00a0d\u00e9confin\u00e9s\u00a0\u00bb  \u00e0 d\u00e9couvrir \u00e0 l\u2019ANAPAP"},"content":{"rendered":"<div>\n<p><strong>L\u2019artiste plasticien, Pouitba Ou\u00e9draogo, a organis\u00e9, le vendredi 2 juillet 2021 \u00e0 Ouagadougou, le vernissage de son exposition intitul\u00e9e : \u00ab Confinement <\/strong><br \/>\n<strong>et l\u2019apr\u00e8s-confinement \u00bb.<\/strong><\/p>\n<p>L\u2019exposition \u00ab Confinement et l\u2019apr\u00e8s confinement \u00bb se tient, du 1er au 22 juillet 2021, au si\u00e8ge de l\u2019Association nationale des artistes professionnels des arts plastiques (ANAPAP). Initi\u00e9 par l\u2019artiste plasticien burkinab\u00e8, Pouitba Ou\u00e9draogo, le vernissage de l\u2019exposition a eu lieu, le vendredi 2 juillet 2021, \u00e0 Ouagadougou. Acad\u00e9micien des Beaux-arts de Kalrushe (Allemagne), l\u2019artiste a dit vouloir, \u00e0 travers ses toiles et le th\u00e8me (\u00ab\u00a0Confinement et l\u2019apr\u00e8s confinement\u00a0\u00bb) faire revivre la situation difficile v\u00e9cue par des millions d\u2019hommes et de femmes \u00e0 travers le monde. Cette p\u00e9riode a \u00e9t\u00e9 \u00e9galement, a-t-il dit, \u00ab\u00a0crue et drue\u00a0\u00bb pour les Burkinab\u00e8 et les artistes, en particulier. A travers 23 \u0153uvres, il s\u2019interroge donc sur l\u2019existentialisme et choisit de mettre en exergue, l\u2019isolement, l\u2019\u00e9tat physiologique et physique avec cependant une bonne dose d\u2019optimisme.<\/p>\n<p>\u00ab Notre monde est \u00e9branl\u00e9 par un mal qui conditionne une mani\u00e8re de vivre. Mais l\u2019optimisme est et doit \u00eatre l\u2019atout de tout artiste \u00bb, a affirm\u00e9 Pouitba Ou\u00e9draogo. A l\u2019aide de tissus tendus sur des ch\u00e2ssis, de la peinture acrylique, des pigments naturels, l\u2019artiste a cr\u00e9\u00e9 des toiles illustrant, entre autres, la chor\u00e9graphie, le temps de r\u00e9flexion, la gravit\u00e9 et l\u2019enthousiasme. V\u00e9ritable composition artistique mettant en relief les contrastes, l\u2019ancien \u00e9l\u00e8ve de l\u2019Acad\u00e9mie des Beaux-arts de Kalrushe a alli\u00e9 formes et couleurs pour \u00e9baucher la souffrance v\u00e9cue, exprimer la r\u00e9silience et l\u2019espoir suscit\u00e9. Ces 23 \u0153uvres, selon leur auteur, se compl\u00e8tent pour former deux s\u00e9ries de styles artistiques. En effet, \u00ab\u00a0une partie des tableaux se caract\u00e9rise par son style abstrait \u00e0 l\u2019image des \u0153uvres des artistes plasticiens tels que Jackson Pollock et Patrick Hugues. L\u2019autre partie des toiles, dans un style mixte, combine l\u2019impressionnisme et l\u2019abstrait\u00a0\u00bb, a-t-il expliqu\u00e9. R\u00e9alis\u00e9es au temps fort du confinement, ces \u0153uvres, a r\u00e9v\u00e9l\u00e9 Pouitba Ou\u00e9draogo, ont \u00e9t\u00e9 con\u00e7ues et finalis\u00e9es apr\u00e8s le confinement.<\/p>\n<p style=\"text-align: right\"><strong>\u00a0R\u00e9mi ZOERINGRE<\/strong><\/p>\n<p>L\u2019article <a rel=\"nofollow\" href=\"https:\/\/www.sidwaya.info\/blog\/2021\/07\/05\/arts-plastiques-des-tableaux-deconfines-a-decouvrir-a-lanapap\/\">Arts plastiques  : Des tableaux \u00ab\u00a0d\u00e9confin\u00e9s\u00a0\u00bb  \u00e0 d\u00e9couvrir \u00e0 l\u2019ANAPAP<\/a> est apparu en premier sur <a rel=\"nofollow\" href=\"https:\/\/www.sidwaya.info\/\">Quotidien Sidwaya<\/a>.<\/p>\n<\/div>\n<p>Auteur: JK. Sidwaya<br \/>\n<a href=\"https:\/\/www.sidwaya.info\/blog\/2021\/07\/05\/arts-plastiques-des-tableaux-deconfines-a-decouvrir-a-lanapap\/\">Cliquez ici pour lire l&rsquo;article depuis sa source.<\/a><\/p>\n","protected":false},"excerpt":{"rendered":"<p>L\u2019artiste plasticien, Pouitba Ou\u00e9draogo, a organis\u00e9, le vendredi 2 juillet 2021 \u00e0 Ouagadougou, le vernissage de son exposition intitul\u00e9e : \u00ab Confinement et l\u2019apr\u00e8s-confinement \u00bb. L\u2019exposition \u00ab Confinement et l\u2019apr\u00e8s confinement \u00bb se tient, du 1er au 22 juillet 2021, au si\u00e8ge de l\u2019Association nationale des artistes professionnels des arts plastiques (ANAPAP). Initi\u00e9 par l\u2019artiste [&hellip;]<\/p>\n","protected":false},"author":1816,"featured_media":0,"comment_status":"closed","ping_status":"closed","sticky":false,"template":"","format":"standard","meta":{"fifu_image_url":"","fifu_image_alt":"","footnotes":""},"categories":[73,81],"tags":[],"class_list":["post-120464","post","type-post","status-publish","format-standard","hentry","category-actualite","category-burkina-faso"],"_links":{"self":[{"href":"https:\/\/linitiative.ca\/International\/wp-json\/wp\/v2\/posts\/120464","targetHints":{"allow":["GET"]}}],"collection":[{"href":"https:\/\/linitiative.ca\/International\/wp-json\/wp\/v2\/posts"}],"about":[{"href":"https:\/\/linitiative.ca\/International\/wp-json\/wp\/v2\/types\/post"}],"author":[{"embeddable":true,"href":"https:\/\/linitiative.ca\/International\/wp-json\/wp\/v2\/users\/1816"}],"replies":[{"embeddable":true,"href":"https:\/\/linitiative.ca\/International\/wp-json\/wp\/v2\/comments?post=120464"}],"version-history":[{"count":0,"href":"https:\/\/linitiative.ca\/International\/wp-json\/wp\/v2\/posts\/120464\/revisions"}],"wp:attachment":[{"href":"https:\/\/linitiative.ca\/International\/wp-json\/wp\/v2\/media?parent=120464"}],"wp:term":[{"taxonomy":"category","embeddable":true,"href":"https:\/\/linitiative.ca\/International\/wp-json\/wp\/v2\/categories?post=120464"},{"taxonomy":"post_tag","embeddable":true,"href":"https:\/\/linitiative.ca\/International\/wp-json\/wp\/v2\/tags?post=120464"}],"curies":[{"name":"wp","href":"https:\/\/api.w.org\/{rel}","templated":true}]}}