{"id":120469,"date":"2021-07-05T14:22:25","date_gmt":"2021-07-05T18:22:25","guid":{"rendered":"https:\/\/linitiative.ca\/International\/cameroun-un-plaidoyer-pour-une-majoration-des-taxes-des-produits-du-tabac\/"},"modified":"2021-07-05T14:22:25","modified_gmt":"2021-07-05T18:22:25","slug":"cameroun-un-plaidoyer-pour-une-majoration-des-taxes-des-produits-du-tabac","status":"publish","type":"post","link":"https:\/\/linitiative.ca\/International\/cameroun-un-plaidoyer-pour-une-majoration-des-taxes-des-produits-du-tabac\/","title":{"rendered":"Cameroun : un plaidoyer pour une majoration des taxes des produits du tabac"},"content":{"rendered":"<div>\n<p><img loading=\"lazy\" decoding=\"async\" width=\"1080\" height=\"607\" src=\"https:\/\/linitiative.ca\/International\/wp-content\/uploads\/sites\/23\/2021\/07\/WhatsApp-Image-2021-07-05-at-19.15.10.jpeg\" class=\"attachment-post-thumbnail size-post-thumbnail wp-post-image\" alt=\"\" srcset=\"https:\/\/linitiative.ca\/International\/wp-content\/uploads\/sites\/23\/2021\/07\/WhatsApp-Image-2021-07-05-at-19.15.10.jpeg 1080w, https:\/\/www.journalducameroun.com\/wp-content\/uploads\/2021\/07\/WhatsApp-Image-2021-07-05-at-19.15.10-300x169.jpeg 300w, https:\/\/www.journalducameroun.com\/wp-content\/uploads\/2021\/07\/WhatsApp-Image-2021-07-05-at-19.15.10-768x432.jpeg 768w, https:\/\/www.journalducameroun.com\/wp-content\/uploads\/2021\/07\/WhatsApp-Image-2021-07-05-at-19.15.10-1024x576.jpeg 1024w, https:\/\/www.journalducameroun.com\/wp-content\/uploads\/2021\/07\/WhatsApp-Image-2021-07-05-at-19.15.10-380x215.jpeg 380w, https:\/\/www.journalducameroun.com\/wp-content\/uploads\/2021\/07\/WhatsApp-Image-2021-07-05-at-19.15.10-160x90.jpeg 160w, https:\/\/www.journalducameroun.com\/wp-content\/uploads\/2021\/07\/WhatsApp-Image-2021-07-05-at-19.15.10-240x135.jpeg 240w, https:\/\/www.journalducameroun.com\/wp-content\/uploads\/2021\/07\/WhatsApp-Image-2021-07-05-at-19.15.10-783x440.jpeg 783w, https:\/\/www.journalducameroun.com\/wp-content\/uploads\/2021\/07\/WhatsApp-Image-2021-07-05-at-19.15.10-600x337.jpeg 600w\" sizes=\"auto, (max-width: 1080px) 100vw, 1080px\"><\/p>\n<h5 style=\"text-align: justify;\">Port\u00e9 par la Coalition camerounaise contre le tabac, il a \u00e9t\u00e9 \u00e9labor\u00e9 au cours d\u2019un atelier de taxation et renforcement des capacit\u00e9s sur les produits du tabac et la lutte contre la chicha.<\/h5>\n<p style=\"text-align: justify;\">\n<p style=\"text-align: justify;\">Pour r\u00e9duire la consommation du tabac au <strong>Cameroun<\/strong>, il faut passer par une augmentation du prix de la taxe. Celle-ci repr\u00e9sente \u00a064,5% \u00a0du prix d\u2019un b\u00e2ton de cigarette. En de\u00e7\u00e0 des prescriptions de la convention cadre de l\u2019Organisation mondiale de la sant\u00e9 (OMS) qui stipule qu\u2019elle doit repr\u00e9senter 70% d\u2019une tige de cigarette.<\/p>\n<p style=\"text-align: justify;\">Au cours d\u2019un atelier de renforcement des capacit\u00e9s sur les produits du tabac qui s\u2019est d\u00e9roul\u00e9 le 28 juin 2021, la Coalition camerounaise contre le tabac a ainsi \u00a0\u00e9labor\u00e9 un plaidoyer pour une \u00a0majoration des taxes sur ces marchandises. Ledit atelier visait aussi \u00e0 \u00e9changer sur les mesures de lutte\u00a0 contre la chicha.<\/p>\n<p style=\"text-align: justify;\">Les travaux s\u2019inscrivaient dans le cadre du projet d\u00e9nomm\u00e9\u00a0: \u00ab\u00a0<em>contribuer \u00e0 une am\u00e9lioration des politiques publiques relatives au tabac pour la diminution du tabagisme en Afrique du l\u2019Ouest et du centre\u00a0<\/em>\u00bb. Plusieurs recommandations ont \u00e9t\u00e9 faites au cours de cet atelier notamment le conditionnement neutre des produits du tabac, l\u2019intensification de la sensibilisation des dangers li\u00e9s \u00e0 la chicha dans les \u00e9tablissements de vente\u00a0; le versement d\u2019une partie des taxes aux structures de lutte contre le tabac\u00a0; l\u2019adoption d\u2019une loi nationale pour mieux contr\u00f4ler l\u2019industrie du tabac\u00a0; la limitation des importations, l\u2019instauration d\u2019une taxe sur la sant\u00e9\u2026<\/p>\n<p style=\"text-align: justify;\">L\u2019atelier de taxation et renforcement des capacit\u00e9s sur les produits du tabac et la lutte contre la chicha a r\u00e9uni toutes les parties prenantes notamment l\u2019administration, la soci\u00e9t\u00e9 civile, les hommes de m\u00e9dias et bien d\u2019autres.<\/p>\n<p>Cet article <a rel=\"nofollow\" href=\"https:\/\/www.journalducameroun.com\/cameroun-19\/\">Cameroun : un plaidoyer pour une majoration des taxes des produits du tabac<\/a> est apparu en premier sur <a rel=\"nofollow\" href=\"https:\/\/www.journalducameroun.com\/\">Journal du Cameroun<\/a>.<\/p>\n<\/div>\n<p>Auteur: Christian DJIMADEU<br \/>\n<a href=\"https:\/\/www.journalducameroun.com\/cameroun-19\/\">Cliquez ici pour lire l&rsquo;article depuis sa source.<\/a><\/p>\n","protected":false},"excerpt":{"rendered":"<p>Port\u00e9 par la Coalition camerounaise contre le tabac, il a \u00e9t\u00e9 \u00e9labor\u00e9 au cours d\u2019un atelier de taxation et renforcement des capacit\u00e9s sur les produits du tabac et la lutte contre la chicha. Pour r\u00e9duire la consommation du tabac au Cameroun, il faut passer par une augmentation du prix de la taxe. Celle-ci repr\u00e9sente \u00a064,5% [&hellip;]<\/p>\n","protected":false},"author":1965,"featured_media":0,"comment_status":"closed","ping_status":"closed","sticky":false,"template":"","format":"standard","meta":{"fifu_image_url":"https:\/\/www.journalducameroun.com\/wp-content\/uploads\/2021\/07\/WhatsApp-Image-2021-07-05-at-19.15.10.jpeg","fifu_image_alt":"Cameroun : un plaidoyer pour une majoration des taxes des produits du tabac","footnotes":""},"categories":[73,82],"tags":[],"class_list":["post-120469","post","type-post","status-publish","format-standard","hentry","category-actualite","category-cameroun"],"_links":{"self":[{"href":"https:\/\/linitiative.ca\/International\/wp-json\/wp\/v2\/posts\/120469","targetHints":{"allow":["GET"]}}],"collection":[{"href":"https:\/\/linitiative.ca\/International\/wp-json\/wp\/v2\/posts"}],"about":[{"href":"https:\/\/linitiative.ca\/International\/wp-json\/wp\/v2\/types\/post"}],"author":[{"embeddable":true,"href":"https:\/\/linitiative.ca\/International\/wp-json\/wp\/v2\/users\/1965"}],"replies":[{"embeddable":true,"href":"https:\/\/linitiative.ca\/International\/wp-json\/wp\/v2\/comments?post=120469"}],"version-history":[{"count":0,"href":"https:\/\/linitiative.ca\/International\/wp-json\/wp\/v2\/posts\/120469\/revisions"}],"wp:attachment":[{"href":"https:\/\/linitiative.ca\/International\/wp-json\/wp\/v2\/media?parent=120469"}],"wp:term":[{"taxonomy":"category","embeddable":true,"href":"https:\/\/linitiative.ca\/International\/wp-json\/wp\/v2\/categories?post=120469"},{"taxonomy":"post_tag","embeddable":true,"href":"https:\/\/linitiative.ca\/International\/wp-json\/wp\/v2\/tags?post=120469"}],"curies":[{"name":"wp","href":"https:\/\/api.w.org\/{rel}","templated":true}]}}