{"id":120473,"date":"2021-07-05T15:18:03","date_gmt":"2021-07-05T19:18:03","guid":{"rendered":"https:\/\/linitiative.ca\/International\/cote-divoire-2-morts-dans-un-accident-a-yamoussoukro\/"},"modified":"2021-07-05T15:18:03","modified_gmt":"2021-07-05T19:18:03","slug":"cote-divoire-2-morts-dans-un-accident-a-yamoussoukro","status":"publish","type":"post","link":"https:\/\/linitiative.ca\/International\/cote-divoire-2-morts-dans-un-accident-a-yamoussoukro\/","title":{"rendered":"C\u00f4te d\u2019Ivoire:  2 morts dans un accident \u00e0 Yamoussoukro"},"content":{"rendered":"<div>\n<p><img loading=\"lazy\" decoding=\"async\" width=\"512\" height=\"341\" src=\"https:\/\/linitiative.ca\/International\/wp-content\/uploads\/sites\/23\/2021\/07\/16255126832336.jpg\" class=\"attachment-post-thumbnail size-post-thumbnail wp-post-image\" alt=\"\" srcset=\"https:\/\/linitiative.ca\/International\/wp-content\/uploads\/sites\/23\/2021\/07\/16255126832336.jpg 512w, https:\/\/www.journalducameroun.com\/wp-content\/uploads\/2021\/07\/16255126832336-300x200.jpg 300w\" sizes=\"auto, (max-width: 512px) 100vw, 512px\"><\/p>\n<p>Au moins deux personnes ont trouv\u00e9 la mort, lundi, \u00e0 Yamoussoukro \u00e0 dans une collision entre une ambulance et un taxi de la capitale politique et administrative ivoirienne.<\/p>\n<p>Selon plusieurs sources concordantes, le chauffeur du taxi et une \u00e9l\u00e8ve ont perdu la vie dans cet accident qui a impliqu\u00e9 une ambulance en provenance de Touba, dans le Nord-Ouest du pays et un taxi de la commune.<\/p>\n<p>Cinq bless\u00e9s \u00e9vacu\u00e9s au Centre hospitalier r\u00e9gional (CHR) et \u00a0\u00e0 l&rsquo;h\u00f4pital Joseph Moscati de Yamoussoukro ont \u00e9t\u00e9 \u00e9galement d\u00e9nombr\u00e9s.<\/p>\n<p>Parmi les victimes se trouvent des candidats qui se rendaient \u00e0 la premi\u00e8re journ\u00e9e de composition des \u00e9preuves \u00e9crites du baccalaur\u00e9at 2021.<\/p>\n<p>Cet article <a rel=\"nofollow\" href=\"https:\/\/www.journalducameroun.com\/cote-divoire-2-morts-dans-un-accident-a-yamoussoukro\/\">C\u00f4te d\u2019Ivoire:  2 morts dans un accident \u00e0 Yamoussoukro<\/a> est apparu en premier sur <a rel=\"nofollow\" href=\"https:\/\/www.journalducameroun.com\/\">Journal du Cameroun<\/a>.<\/p>\n<\/div>\n<p>Auteur: APA News<br \/>\n<a href=\"https:\/\/www.journalducameroun.com\/cote-divoire-2-morts-dans-un-accident-a-yamoussoukro\/\">Cliquez ici pour lire l&rsquo;article depuis sa source.<\/a><\/p>\n","protected":false},"excerpt":{"rendered":"<p>Au moins deux personnes ont trouv\u00e9 la mort, lundi, \u00e0 Yamoussoukro \u00e0 dans une collision entre une ambulance et un taxi de la capitale politique et administrative ivoirienne. Selon plusieurs sources concordantes, le chauffeur du taxi et une \u00e9l\u00e8ve ont perdu la vie dans cet accident qui a impliqu\u00e9 une ambulance en provenance de Touba, [&hellip;]<\/p>\n","protected":false},"author":1965,"featured_media":0,"comment_status":"closed","ping_status":"closed","sticky":false,"template":"","format":"standard","meta":{"fifu_image_url":"https:\/\/www.journalducameroun.com\/wp-content\/uploads\/2021\/07\/16255126832336.jpg","fifu_image_alt":"C\u00f4te d\u2019Ivoire:  2 morts dans un accident \u00e0 Yamoussoukro","footnotes":""},"categories":[73,82],"tags":[],"class_list":["post-120473","post","type-post","status-publish","format-standard","hentry","category-actualite","category-cameroun"],"_links":{"self":[{"href":"https:\/\/linitiative.ca\/International\/wp-json\/wp\/v2\/posts\/120473","targetHints":{"allow":["GET"]}}],"collection":[{"href":"https:\/\/linitiative.ca\/International\/wp-json\/wp\/v2\/posts"}],"about":[{"href":"https:\/\/linitiative.ca\/International\/wp-json\/wp\/v2\/types\/post"}],"author":[{"embeddable":true,"href":"https:\/\/linitiative.ca\/International\/wp-json\/wp\/v2\/users\/1965"}],"replies":[{"embeddable":true,"href":"https:\/\/linitiative.ca\/International\/wp-json\/wp\/v2\/comments?post=120473"}],"version-history":[{"count":0,"href":"https:\/\/linitiative.ca\/International\/wp-json\/wp\/v2\/posts\/120473\/revisions"}],"wp:attachment":[{"href":"https:\/\/linitiative.ca\/International\/wp-json\/wp\/v2\/media?parent=120473"}],"wp:term":[{"taxonomy":"category","embeddable":true,"href":"https:\/\/linitiative.ca\/International\/wp-json\/wp\/v2\/categories?post=120473"},{"taxonomy":"post_tag","embeddable":true,"href":"https:\/\/linitiative.ca\/International\/wp-json\/wp\/v2\/tags?post=120473"}],"curies":[{"name":"wp","href":"https:\/\/api.w.org\/{rel}","templated":true}]}}