{"id":120475,"date":"2021-07-05T16:18:02","date_gmt":"2021-07-05T20:18:02","guid":{"rendered":"https:\/\/linitiative.ca\/International\/cote-divoire-500-000-jeunes-a-former-pour-les-filieres-agricoles\/"},"modified":"2021-07-05T16:18:02","modified_gmt":"2021-07-05T20:18:02","slug":"cote-divoire-500-000-jeunes-a-former-pour-les-filieres-agricoles","status":"publish","type":"post","link":"https:\/\/linitiative.ca\/International\/cote-divoire-500-000-jeunes-a-former-pour-les-filieres-agricoles\/","title":{"rendered":"C\u00f4te d\u2019Ivoire: 500 000 jeunes \u00e0 former pour les fili\u00e8res agricoles"},"content":{"rendered":"<div>\n<p><img loading=\"lazy\" decoding=\"async\" width=\"707\" height=\"566\" src=\"https:\/\/linitiative.ca\/International\/wp-content\/uploads\/sites\/23\/2021\/07\/16255162826815.jpg\" class=\"attachment-post-thumbnail size-post-thumbnail wp-post-image\" alt=\"\" srcset=\"https:\/\/linitiative.ca\/International\/wp-content\/uploads\/sites\/23\/2021\/07\/16255162826815.jpg 707w, https:\/\/www.journalducameroun.com\/wp-content\/uploads\/2021\/07\/16255162826815-300x240.jpg 300w, https:\/\/www.journalducameroun.com\/wp-content\/uploads\/2021\/07\/16255162826815-550x440.jpg 550w, https:\/\/www.journalducameroun.com\/wp-content\/uploads\/2021\/07\/16255162826815-600x480.jpg 600w\" sizes=\"auto, (max-width: 707px) 100vw, 707px\"><\/p>\n<p>Un vaste programme de formation pour 500 000 jeunes \u00e2g\u00e9s de 15 \u00e0 25 ans, dans les fili\u00e8res de l&rsquo;agriculture, des productions animales, des ressources halieutiques et de la cha\u00eene agro-alimentaire, sera lanc\u00e9 en C\u00f4te d&rsquo;Ivoire, afin de faire de ces secteurs le fer de lance de l&rsquo;\u00e9conomie nationale.<\/p>\n<p>L&rsquo;annonce a \u00e9t\u00e9 faite, lundi, par le premier ministre Patrick Achi, au cours d&rsquo;une rencontre de haut niveau avec les professionnels de l&rsquo;agriculture, des productions animales, des ressources halieutiques et de la cha\u00eene agro-alimentaire pour recenser leurs besoins et attentes afin d&rsquo;y apporter des solutions durables.<\/p>\n<p>\u00abA partir du 1er septembre 2021, les premiers projets pilotes seront mis en place dans chacune de ces fili\u00e8res sur l&rsquo;ensemble du territoire ivoirien. Ces jeunes, par milliers, seront d\u00e9ploy\u00e9s dans les fili\u00e8res mangue, ananas, cacao, etc. pour qu&rsquo;ils deviennent de jeunes agriculteurs de deuxi\u00e8me g\u00e9n\u00e9ration\u00bb, a dit Patrick Achi, cit\u00e9 par le Centre d&rsquo;information et de communication gouvernementale (CICG).<\/p>\n<p>Pour le premier ministre, rapporte le CICG, le combat de la production est achev\u00e9. Il faut commencer le combat de la valeur ajout\u00e9e. Ce, \u00e0 travers l&rsquo;acquisition des technologies, la construction de centres de recherches, la conqu\u00eate des march\u00e9s etc.<\/p>\n<p>M. Achi qui a souhait\u00e9 le renforcement de la confiance entre les secteurs priv\u00e9 et public, a rappel\u00e9 la volont\u00e9 affich\u00e9e du pr\u00e9sident Alassane Ouattara de faire du secteur priv\u00e9 le fer de lance d&rsquo;une C\u00f4te d&rsquo;Ivoire solidaire o\u00f9 les paysans sont transform\u00e9s en fermiers, o\u00f9 les producteurs sont transform\u00e9s en transformateurs de premi\u00e8re et deuxi\u00e8me transformations.<\/p>\n<p>L&rsquo;objectif est d&rsquo;avoir des champions nationaux capables d&rsquo;aller sur les march\u00e9s ext\u00e9rieurs et de se battre avec les produits comp\u00e9titifs.<\/p>\n<p>Cet article <a rel=\"nofollow\" href=\"https:\/\/www.journalducameroun.com\/cote-divoire-500-000-jeunes-a-former-pour-les-filieres-agricoles\/\">C\u00f4te d\u2019Ivoire: 500 000 jeunes \u00e0 former pour les fili\u00e8res agricoles<\/a> est apparu en premier sur <a rel=\"nofollow\" href=\"https:\/\/www.journalducameroun.com\/\">Journal du Cameroun<\/a>.<\/p>\n<\/div>\n<p>Auteur: APA News<br \/>\n<a href=\"https:\/\/www.journalducameroun.com\/cote-divoire-500-000-jeunes-a-former-pour-les-filieres-agricoles\/\">Cliquez ici pour lire l&rsquo;article depuis sa source.<\/a><\/p>\n","protected":false},"excerpt":{"rendered":"<p>Un vaste programme de formation pour 500 000 jeunes \u00e2g\u00e9s de 15 \u00e0 25 ans, dans les fili\u00e8res de l&rsquo;agriculture, des productions animales, des ressources halieutiques et de la cha\u00eene agro-alimentaire, sera lanc\u00e9 en C\u00f4te d&rsquo;Ivoire, afin de faire de ces secteurs le fer de lance de l&rsquo;\u00e9conomie nationale. L&rsquo;annonce a \u00e9t\u00e9 faite, lundi, par [&hellip;]<\/p>\n","protected":false},"author":1965,"featured_media":0,"comment_status":"closed","ping_status":"closed","sticky":false,"template":"","format":"standard","meta":{"fifu_image_url":"https:\/\/www.journalducameroun.com\/wp-content\/uploads\/2021\/07\/16255162826815.jpg","fifu_image_alt":"C\u00f4te d\u2019Ivoire: 500 000 jeunes \u00e0 former pour les fili\u00e8res agricoles","footnotes":""},"categories":[73,82],"tags":[],"class_list":["post-120475","post","type-post","status-publish","format-standard","hentry","category-actualite","category-cameroun"],"_links":{"self":[{"href":"https:\/\/linitiative.ca\/International\/wp-json\/wp\/v2\/posts\/120475","targetHints":{"allow":["GET"]}}],"collection":[{"href":"https:\/\/linitiative.ca\/International\/wp-json\/wp\/v2\/posts"}],"about":[{"href":"https:\/\/linitiative.ca\/International\/wp-json\/wp\/v2\/types\/post"}],"author":[{"embeddable":true,"href":"https:\/\/linitiative.ca\/International\/wp-json\/wp\/v2\/users\/1965"}],"replies":[{"embeddable":true,"href":"https:\/\/linitiative.ca\/International\/wp-json\/wp\/v2\/comments?post=120475"}],"version-history":[{"count":0,"href":"https:\/\/linitiative.ca\/International\/wp-json\/wp\/v2\/posts\/120475\/revisions"}],"wp:attachment":[{"href":"https:\/\/linitiative.ca\/International\/wp-json\/wp\/v2\/media?parent=120475"}],"wp:term":[{"taxonomy":"category","embeddable":true,"href":"https:\/\/linitiative.ca\/International\/wp-json\/wp\/v2\/categories?post=120475"},{"taxonomy":"post_tag","embeddable":true,"href":"https:\/\/linitiative.ca\/International\/wp-json\/wp\/v2\/tags?post=120475"}],"curies":[{"name":"wp","href":"https:\/\/api.w.org\/{rel}","templated":true}]}}