{"id":120477,"date":"2021-07-05T17:18:01","date_gmt":"2021-07-05T21:18:01","guid":{"rendered":"https:\/\/linitiative.ca\/International\/energie-solaire-52-acteurs-de-la-cedeao-formes-a-la-certification-en-cote-divoire\/"},"modified":"2021-07-05T17:18:01","modified_gmt":"2021-07-05T21:18:01","slug":"energie-solaire-52-acteurs-de-la-cedeao-formes-a-la-certification-en-cote-divoire","status":"publish","type":"post","link":"https:\/\/linitiative.ca\/International\/energie-solaire-52-acteurs-de-la-cedeao-formes-a-la-certification-en-cote-divoire\/","title":{"rendered":"Energie solaire: 52 acteurs de la Cedeao form\u00e9s \u00e0 la certification en C\u00f4te d\u2019Ivoire"},"content":{"rendered":"<div>\n<p><img loading=\"lazy\" decoding=\"async\" width=\"800\" height=\"533\" src=\"https:\/\/linitiative.ca\/International\/wp-content\/uploads\/sites\/23\/2021\/07\/16255198822260.jpg\" class=\"attachment-post-thumbnail size-post-thumbnail wp-post-image\" alt=\"\" srcset=\"https:\/\/linitiative.ca\/International\/wp-content\/uploads\/sites\/23\/2021\/07\/16255198822260.jpg 800w, https:\/\/www.journalducameroun.com\/wp-content\/uploads\/2021\/07\/16255198822260-300x200.jpg 300w, https:\/\/www.journalducameroun.com\/wp-content\/uploads\/2021\/07\/16255198822260-768x512.jpg 768w, https:\/\/www.journalducameroun.com\/wp-content\/uploads\/2021\/07\/16255198822260-660x440.jpg 660w, https:\/\/www.journalducameroun.com\/wp-content\/uploads\/2021\/07\/16255198822260-600x400.jpg 600w\" sizes=\"auto, (max-width: 800px) 100vw, 800px\"><\/p>\n<p>Un programme de formation et de certification en \u00e9nergie renouvelable solaire, pr\u00e9vu du 5 au 17 juillet 2021, a \u00e9t\u00e9 lanc\u00e9 lundi \u00e0 Bingerville, \u00e0 l&rsquo;Est d&rsquo;Abidjan, au profit de 52 acteurs du secteur issus de 13 pays de la Cedeao.<\/p>\n<p>Le lancement de la session a eu lieu au Centre des m\u00e9tiers de l&rsquo;\u00e9lectricit\u00e9 (CME) de la Compagnie ivoirienne de l&rsquo;\u00e9lectricit\u00e9 (CIE), en pr\u00e9sence des instructeurs, des responsables en charge du programme et des stagiaires.<\/p>\n<p>Ce programme s&rsquo;inscrit dans le cadre du d\u00e9veloppement des parcs solaires en Afrique subsaharienne. Il est mis en oeuvre par l&rsquo;Institut international de l&rsquo;ing\u00e9nierie, de l&rsquo;eau et de l&rsquo;environnement (2iE), retenu \u00e0 l&rsquo;issue d&rsquo;un appel \u00e0 candidature. \u00a0<\/p>\n<p>L&rsquo;Institut 2IE, bas\u00e9 \u00e0 Ouagadougou, dans la capitale burkinab\u00e9, est une \u00e9cole d&rsquo;ing\u00e9nieurs cr\u00e9\u00e9e par 14 pays africains qui fait de la formation initiale, la formation en continue, de la recherche et du d\u00e9veloppement.<\/p>\n<p>Il est pr\u00e9vu deux semaines de formation qui constituent la premi\u00e8re s\u00e9rie de formations, a indiqu\u00e9 M. Francis Sempor\u00e9, un responsable de 2iE, chef de mission pour le Programme de formation et de certification en \u00e9nergie renouvelable solaire.<\/p>\n<p>Cette formation vise \u00e0 permettre \u00e0 l&rsquo;Afrique subsaharienne de disposer d&rsquo;un pool d&rsquo;experts dans le domaine de l&rsquo;\u00e9nergie renouvelable solaire. Les participants sont issus notamment des soci\u00e9t\u00e9s d&rsquo;\u00e9lectricit\u00e9 et du minist\u00e8re de l&rsquo;\u00c9nergie des pays de la Cedeao. \u00a0\u00a0<\/p>\n<p>Le secteur de l&rsquo;\u00e9nergie renouvelable \u00ab\u00a0est un domaine tr\u00e8s important pour nos pays et nos \u00e9conomies, donc il est important que nous ne rations pas ce virage technologique\u00a0\u00bb, a d\u00e9clar\u00e9 le directeur g\u00e9n\u00e9ral de la CIE, M. Ahmadou Bakayoko.\u00a0<\/p>\n<p>Il s&rsquo;est f\u00e9licit\u00e9 de ce que ces s\u00e9ances permettront de d\u00e9velopper les comp\u00e9tences de ces acteurs \u00a0au Centre de m\u00e9tier de l&rsquo;\u00e9lectricit\u00e9 que sa structure op\u00e8re par le biais d&rsquo;une convention avec l&rsquo;Etat de C\u00f4te d&rsquo;Ivoire, pour que la r\u00e9gion soit au rendez-vous de cette nouvelle technologie.<\/p>\n<p>La C\u00f4te d&rsquo;Ivoire accueille cette premi\u00e8re session dans ce centre de r\u00e9f\u00e9rence r\u00e9gionale qui forme aux m\u00e9tiers de l&rsquo;\u00e9nergie. B\u00e2ti sur 25 hectares, ce centre offre toutes les commodit\u00e9s pour une session et une impl\u00e9mentation r\u00e9ussie.<\/p>\n<p>Le secr\u00e9taire g\u00e9n\u00e9ral du Syst\u00e8me d&rsquo;\u00e9changes \u00e9lectrique ouest-africain (EEEOA), Siengui Ki, a not\u00e9 que \u00ab\u00a0les \u00e9nergies renouvelables de la r\u00e9gion ouest-africaine seront de l&rsquo;ordre de 70% de l&rsquo;ensemble de la production qui se fera\u00a0\u00bb \u00e0 l&rsquo;avenir.<\/p>\n<p>Par cons\u00e9quent, \u00ab\u00a0il est tr\u00e8s important de ma\u00eetriser ce transfert (technologique) d&rsquo;\u00e9lectricit\u00e9 \u00e9tant entendu que tout ce qui concerne le solaire et l&rsquo;\u00e9olienne, est quasi inexistant dans notre sous-r\u00e9gion\u00a0\u00bb, a-t-il poursuivi.<\/p>\n<p>Intervenant par visioconf\u00e9rence, le repr\u00e9sentant de la Banque mondiale, Jan Kappen, a soulign\u00e9 l&rsquo;enjeu aujourd&rsquo;hui de \u00ab\u00a0renouveler l&rsquo;architecture du secteur de l&rsquo;\u00e9nergie\u00a0\u00bb pour la r\u00e9gion afin de faire face aux d\u00e9fis du d\u00e9ficit \u00e9nerg\u00e9tique.<\/p>\n<p>Les participants des pays pr\u00e9sents \u00e0 l&rsquo;ouverture de la session \u00e9taient, entre autres, la C\u00f4te d&rsquo;Ivoire, le S\u00e9n\u00e9gal, le Ghana, la Sierra Leonne, le Togo, le B\u00e9nin, le Burkina Faso, la Gambie, le Liberia, le Niger, la Guin\u00e9e, le Nig\u00e9ria.<\/p>\n<p>Cet article <a rel=\"nofollow\" href=\"https:\/\/www.journalducameroun.com\/energie-solaire-52-acteurs-de-la-cedeao-formes-a-la-certification-en-cote-divoire\/\">Energie solaire: 52 acteurs de la Cedeao form\u00e9s \u00e0 la certification en C\u00f4te d\u2019Ivoire<\/a> est apparu en premier sur <a rel=\"nofollow\" href=\"https:\/\/www.journalducameroun.com\/\">Journal du Cameroun<\/a>.<\/p>\n<\/div>\n<p>Auteur: APA News<br \/>\n<a href=\"https:\/\/www.journalducameroun.com\/energie-solaire-52-acteurs-de-la-cedeao-formes-a-la-certification-en-cote-divoire\/\">Cliquez ici pour lire l&rsquo;article depuis sa source.<\/a><\/p>\n","protected":false},"excerpt":{"rendered":"<p>Un programme de formation et de certification en \u00e9nergie renouvelable solaire, pr\u00e9vu du 5 au 17 juillet 2021, a \u00e9t\u00e9 lanc\u00e9 lundi \u00e0 Bingerville, \u00e0 l&rsquo;Est d&rsquo;Abidjan, au profit de 52 acteurs du secteur issus de 13 pays de la Cedeao. Le lancement de la session a eu lieu au Centre des m\u00e9tiers de l&rsquo;\u00e9lectricit\u00e9 [&hellip;]<\/p>\n","protected":false},"author":1965,"featured_media":0,"comment_status":"closed","ping_status":"closed","sticky":false,"template":"","format":"standard","meta":{"fifu_image_url":"https:\/\/www.journalducameroun.com\/wp-content\/uploads\/2021\/07\/16255198822260.jpg","fifu_image_alt":"Energie solaire: 52 acteurs de la Cedeao form\u00e9s \u00e0 la certification en C\u00f4te d\u2019Ivoire","footnotes":""},"categories":[73,82],"tags":[],"class_list":["post-120477","post","type-post","status-publish","format-standard","hentry","category-actualite","category-cameroun"],"_links":{"self":[{"href":"https:\/\/linitiative.ca\/International\/wp-json\/wp\/v2\/posts\/120477","targetHints":{"allow":["GET"]}}],"collection":[{"href":"https:\/\/linitiative.ca\/International\/wp-json\/wp\/v2\/posts"}],"about":[{"href":"https:\/\/linitiative.ca\/International\/wp-json\/wp\/v2\/types\/post"}],"author":[{"embeddable":true,"href":"https:\/\/linitiative.ca\/International\/wp-json\/wp\/v2\/users\/1965"}],"replies":[{"embeddable":true,"href":"https:\/\/linitiative.ca\/International\/wp-json\/wp\/v2\/comments?post=120477"}],"version-history":[{"count":0,"href":"https:\/\/linitiative.ca\/International\/wp-json\/wp\/v2\/posts\/120477\/revisions"}],"wp:attachment":[{"href":"https:\/\/linitiative.ca\/International\/wp-json\/wp\/v2\/media?parent=120477"}],"wp:term":[{"taxonomy":"category","embeddable":true,"href":"https:\/\/linitiative.ca\/International\/wp-json\/wp\/v2\/categories?post=120477"},{"taxonomy":"post_tag","embeddable":true,"href":"https:\/\/linitiative.ca\/International\/wp-json\/wp\/v2\/tags?post=120477"}],"curies":[{"name":"wp","href":"https:\/\/api.w.org\/{rel}","templated":true}]}}