{"id":120480,"date":"2021-07-05T17:35:01","date_gmt":"2021-07-05T21:35:01","guid":{"rendered":"https:\/\/linitiative.ca\/International\/consommation-le-prix-du-sac-de-mais-de-100-kilos-augmente-de-3500-f-a-garoua\/"},"modified":"2021-07-05T17:35:01","modified_gmt":"2021-07-05T21:35:01","slug":"consommation-le-prix-du-sac-de-mais-de-100-kilos-augmente-de-3500-f-a-garoua","status":"publish","type":"post","link":"https:\/\/linitiative.ca\/International\/consommation-le-prix-du-sac-de-mais-de-100-kilos-augmente-de-3500-f-a-garoua\/","title":{"rendered":"Consommation: le prix du sac de ma\u00efs de 100 kilos augmente de 3500 F \u00e0 Garoua"},"content":{"rendered":"<div>\n<p>Depuis pr\u00e8s de deux semaines, les populations de la ville de Garoua, chef-lieu de la r\u00e9gion du Nord, font face\u00a0\u00a0\u00e0 une inflation du prix du ma\u00efs. Cette denr\u00e9e alimentaire tr\u00e8s pris\u00e9e dans cette localit\u00e9 a vu ses prix augmenter. Le prix du sac de 100 kilos qui co\u00fbtait 16\u00a0500 Fcfa est pass\u00e9 \u00e0 20\u00a0000 Fcfa, tandis que celui appel\u00e9 commun\u00e9ment L8 est pass\u00e9 de 20\u00a0000 Fcfa \u00e0 23\u00a0000 Fcfa. Soit une augmentation comprise entre 3000 et 4000 Fcfa. Cette hausse se justifie par le fait que \u00ab\u00a0les vendeurs ont constat\u00e9 que plusieurs \u00e9trangers venaient se ravitailler aupr\u00e8s d\u2019eux. Ce sont notamment nos voisins du Nigeria qui viennent acheter en grande quantit\u00e9. Si ce n\u2019\u00e9tait pas le cas, le prix du ma\u00efs n\u2019allait pas exc\u00e9der 18\u00a0000 Fcfa ou 19\u00a0000 Fcfa\u00a0\u00bb, confie Abdoulaye Ahmadou vendeur de ma\u00efs au march\u00e9 central de Garoua, au journal l\u2019Oeil du Sahel.<\/p>\n<p><strong>Lire aussi : <a href=\"https:\/\/ecomatin.net\/la-production-nationale-de-mais-enregistre-un-deficit-de-500-000-tonnes-en-2019\/\">La production nationale de ma\u00efs enregistre un d\u00e9ficit de 500 000 tonnes en 2019<\/a><\/strong><\/p>\n<p>Selon les informations fournies par ce journal, les Nig\u00e9rians \u00ab\u00a0ach\u00e8tent autant de ma\u00efs, car ils en ont besoin pour la fabrication des boissons et des g\u00e2teaux. Et m\u00eame, ils ont l\u2019habitude de se diriger vers le Cameroun, \u00e0 chaque fois qu\u2019ils sont en p\u00e9nurie\u00a0\u00bb. Chose qui semble \u00eatre ici une routine, car ce n\u2019est pas la seule denr\u00e9e alimentaire pour laquelle ce pays frontalier vient s\u2019approvisionner au Cameroun. \u00ab\u00a0L\u2019ann\u00e9e derni\u00e8re par exemple, ils ne sont pas venus acheter du ma\u00efs. Cette ann\u00e9e par contre, ils sont arriv\u00e9s sans pr\u00e9venir et ram\u00e8ne des centaines de sacs au quotidien. Lorsqu\u2019ils auront atteint leur quota, ils s\u2019arr\u00eateront brusquement aussi. Il y a des p\u00e9riodes ou c\u2019est plut\u00f4t le riz non d\u00e9cortiqu\u00e9 qui est sollicit\u00e9. Quand c\u2019est le cas, ils emportent de grandes quantit\u00e9s aussi\u00a0\u00bb, rajoute Abdoulaye Ahmadou, dans les colonnes du journal.<\/p>\n<p><strong>Lire aussi :<\/strong> <strong><a href=\"https:\/\/ecomatin.net\/maiscam-enregistre-un-deficit-de-production-de-715-sur-la-production-du-gritz-de-mais-en-2020\/\">Ma\u00efscam enregistre un d\u00e9ficit de production de 71,5 % sur la production du gritz de ma\u00efs en 2020<\/a><\/strong><\/p>\n<p>Sur la question des exportations des c\u00e9r\u00e9ales produites localement, l\u2019on se souvient qu\u2019au mois d\u2019ao\u00fbt 2020, le gouverneur de la r\u00e9gion de l\u2019Extr\u00eame-Nord, Midjiyawa Bakari levait l\u2019interdiction d\u2019exporter le riz paddy et certaines denr\u00e9es de grandes consommation vers le Nigeria, dans son territoire de comp\u00e9tence. Mesure qui avait pour objectif de renverser la tendance en relevant l\u2019offre dans le but de baisser les prix<\/p>\n<p><strong>Lire aussi <\/strong>: <strong><a href=\"https:\/\/ecomatin.net\/le-projet-agropole-de-bankim-envisage-une-production-annuelle-de-3500-tonnes-de-mais\/\">Le Projet Agropole de Bankim envisage une production annuelle de 3500 tonnes de ma\u00efs<\/a><\/strong><\/p>\n<p>Pour rappel, en 2019, la demande nationale de ma\u00efs se situait autour de 2,8 millions de tonnes, alors que le Cameroun en avait produit 2,3 millions de tonnes. Il se d\u00e9gageait alors un d\u00e9ficit de 500 000 tonnes, lequel \u00e9tait de 0,6 million de tonnes l\u2019ann\u00e9e d\u2019avant, contre une production annuelle de 2,2 millions de tonnes. Pour combler alors ce d\u00e9ficit, le pays est alors oblig\u00e9 d\u2019importer cette c\u00e9r\u00e9ale. Selon les statistiques rendues publiques en 2019 par l\u2019Agence de Promotion des Investissements (API), les importations de ma\u00efs et de ses produits d\u00e9riv\u00e9s (gritz) sont \u00e9valu\u00e9es \u00e0 pr\u00e8s de 150 milliards FCFA chaque ann\u00e9e.<\/p>\n<p>L\u2019article <a rel=\"nofollow\" href=\"https:\/\/ecomatin.net\/consommation-le-prix-du-sac-de-mais-de-100-kilos-augmente-de-3500-f-a-garouaa\/\">Consommation: le prix du sac de ma\u00efs de 100 kilos augmente de 3500 F \u00e0 Garoua<\/a> est apparu en premier sur <a rel=\"nofollow\" href=\"https:\/\/ecomatin.net\/\">EcoMatin<\/a>.<\/p>\n<\/div>\n<p>Auteur: Cindy MBALA<br \/>\n<a href=\"https:\/\/ecomatin.net\/consommation-le-prix-du-sac-de-mais-de-100-kilos-augmente-de-3500-f-a-garouaa\/\">Cliquez ici pour lire l&rsquo;article depuis sa source.<\/a><\/p>\n","protected":false},"excerpt":{"rendered":"<p>Depuis pr\u00e8s de deux semaines, les populations de la ville de Garoua, chef-lieu de la r\u00e9gion du Nord, font face\u00a0\u00a0\u00e0 une inflation du prix du ma\u00efs. Cette denr\u00e9e alimentaire tr\u00e8s pris\u00e9e dans cette localit\u00e9 a vu ses prix augmenter. Le prix du sac de 100 kilos qui co\u00fbtait 16\u00a0500 Fcfa est pass\u00e9 \u00e0 20\u00a0000 Fcfa, [&hellip;]<\/p>\n","protected":false},"author":1969,"featured_media":0,"comment_status":"closed","ping_status":"closed","sticky":false,"template":"","format":"standard","meta":{"fifu_image_url":"","fifu_image_alt":"","footnotes":""},"categories":[82,78],"tags":[],"class_list":["post-120480","post","type-post","status-publish","format-standard","hentry","category-cameroun","category-economie"],"_links":{"self":[{"href":"https:\/\/linitiative.ca\/International\/wp-json\/wp\/v2\/posts\/120480","targetHints":{"allow":["GET"]}}],"collection":[{"href":"https:\/\/linitiative.ca\/International\/wp-json\/wp\/v2\/posts"}],"about":[{"href":"https:\/\/linitiative.ca\/International\/wp-json\/wp\/v2\/types\/post"}],"author":[{"embeddable":true,"href":"https:\/\/linitiative.ca\/International\/wp-json\/wp\/v2\/users\/1969"}],"replies":[{"embeddable":true,"href":"https:\/\/linitiative.ca\/International\/wp-json\/wp\/v2\/comments?post=120480"}],"version-history":[{"count":0,"href":"https:\/\/linitiative.ca\/International\/wp-json\/wp\/v2\/posts\/120480\/revisions"}],"wp:attachment":[{"href":"https:\/\/linitiative.ca\/International\/wp-json\/wp\/v2\/media?parent=120480"}],"wp:term":[{"taxonomy":"category","embeddable":true,"href":"https:\/\/linitiative.ca\/International\/wp-json\/wp\/v2\/categories?post=120480"},{"taxonomy":"post_tag","embeddable":true,"href":"https:\/\/linitiative.ca\/International\/wp-json\/wp\/v2\/tags?post=120480"}],"curies":[{"name":"wp","href":"https:\/\/api.w.org\/{rel}","templated":true}]}}