{"id":120481,"date":"2021-07-05T17:49:46","date_gmt":"2021-07-05T21:49:46","guid":{"rendered":"https:\/\/linitiative.ca\/International\/consommation-electrique-querelle-de-chiffres-entre-eneo-et-le-minee\/"},"modified":"2021-07-05T17:49:46","modified_gmt":"2021-07-05T21:49:46","slug":"consommation-electrique-querelle-de-chiffres-entre-eneo-et-le-minee","status":"publish","type":"post","link":"https:\/\/linitiative.ca\/International\/consommation-electrique-querelle-de-chiffres-entre-eneo-et-le-minee\/","title":{"rendered":"Consommation \u00e9lectrique : querelle de chiffres entre Eneo et le Minee"},"content":{"rendered":"<div>\n<p>Difficile d\u2019imaginer quelle sera la r\u00e9action des d\u00e9put\u00e9s et s\u00e9nateurs en l\u2019apprenant. L\u2019affaire aurait pu \u00e9clater lors du passage \u00e0 l\u2019h\u00e9micycle du Palais des congr\u00e8s, fin juin 2021, du ministre de l\u2019Eau et de l\u2019Energie (Minee) et du directeur g\u00e9n\u00e9ral de Energy of Cameroon (Eneo) \u00e0 l\u2019occasion d\u2019une s\u00e9ance pl\u00e9ni\u00e8re sp\u00e9ciale de l\u2019Assembl\u00e9e nationale consacr\u00e9e \u00e0 \u201cla probl\u00e9matique de l\u2019acc\u00e8s \u00e0 l\u2019\u00e9lectricit\u00e9 et \u00e0 l\u2019eau\u201d. N\u00e9anmoins il est aujourd\u2019hui clair que le Minee et Eneo ne s\u2019accorde pas sur l\u2019appui de l\u2019Etat dans l\u2019approvisionnement en carburant des centrales thermiques.<\/p>\n<p><strong>Lire aussi :<\/strong> <strong><a href=\"https:\/\/ecomatin.net\/electricite-le-gouvernementt-accuse-eneo-ett-sonatrel-pour-les-delestages\/\">Electricit\u00e9 : le gouvernement accuse Eneo et Sonatrel pour les d\u00e9lestages<\/a><\/strong><\/p>\n<p>Face aux parlementaires qui lui rappellent que \u201cmalgr\u00e9 les initiatives et les actions men\u00e9es par le gouvernement visant \u00e0 rendre optimal la fourniture \u00e9nerg\u00e9tique et l\u2019approvisionnement en eau potable au Cameroun, le niveau de satisfaction reste faible et les attentes nombreuses\u201d, le Minee explique qu\u2019il a prescrit \u00e0 ses services d\u00e9concentr\u00e9s de \u201cr\u00e9aliser un diagnostic exhaustif sur l\u2019ensemble du territoire national ; la mission s\u2019est d\u00e9roul\u00e9e de janvier \u00e0 mai 2021.\u201d Au vu des donn\u00e9es et des informations collect\u00e9es sur le terrain, il ressort que les pr\u00e9occupations soulev\u00e9es sont fond\u00e9es.<\/p>\n<p><strong>Lire aussi : <a href=\"https:\/\/ecomatin.net\/eneo-regle-sa-dette-de-27-milliardss-de-f-a-gaz-du-cameroun\/\">Eneo r\u00e8gle sa dette de 2,7 milliards de F \u00e0 Gaz du Cameroun<\/a><\/strong><\/p>\n<p>Gaston Eloundou Essomba va alors s\u2019appesantir sur les probl\u00e8mes tels qu\u2019ils se posent dans la fourniture de l\u2019\u00e9nergie \u00e9lectrique, notamment le r\u00e9seau interconnect\u00e9 nord (RIN). Le barrage de Lagdo, principale source d\u2019\u00e9nergie de ce r\u00e9seau, a \u00e9t\u00e9 construit au d\u00e9part pour une puissance install\u00e9e de 72 MW. Mais l\u2019ouvrage qui produit 61 MW en hydrologie normale, atteint \u00e0 peine 20 MW actuellement. 27 groupes \u00e9lectrog\u00e8nes de la centrale thermique d\u2019Ahala ont \u00e9t\u00e9 transf\u00e9r\u00e9s \u00e0 Garoua et Ngaound\u00e9r\u00e9 en vue du renforcement du septentrion. Cette puissance d\u2019appoint absorbe 4,5 millions de litres de carburant par mois pour un cout mensuel de 4 milliards de FCFA.<\/p>\n<p><strong>Lire aussi :<\/strong> <strong><a href=\"https:\/\/ecomatin.net\/energie-electrique-le-minee-somme-eneo-de-reduire-les-delestages-dans-le-grand-nord\/\">Energie \u00e9lectrique: le Minee somme Eneo de r\u00e9duire les d\u00e9lestages dans le Grand-Nord<\/a><\/strong><\/p>\n<p><strong>Mais qui paye\u00a0?<\/strong><\/p>\n<p>Pour le Minee, \u00ab suite aux Tr\u00e8s Hautes Instructions du Chef de l\u2019Etat, la soci\u00e9t\u00e9 Eneo re\u00e7oit un milliard de FCFA par semaine pour approvisionner les centrales thermiques en combustibles. Par ailleurs, ladite soci\u00e9t\u00e9 fait un effort suppl\u00e9mentaire au niveau de sa tr\u00e9sorerie pour supporter un montant de 600 millions de FCFA \u00e9tant donn\u00e9 que le co\u00fbt total du combustible s\u2019\u00e9l\u00e8ve \u00e0 un milliard 600millions de FCFA par semaine. \u00bb Cette d\u00e9claration a d\u00fb dresser les cheveux sur la t\u00eate du directeur g\u00e9n\u00e9ral de Energy of Cameroon (Eneo), Eric Mansuy.<\/p>\n<p><strong>Lire aussi :<\/strong> <strong><a href=\"https:\/\/ecomatin.net\/penurie-deau-potable-le-gouvernement-accuse-eneo-et-dedouane-la-camwater\/\">P\u00e9nurie d\u2019eau potable : le gouvernement accuse Eneo et d\u00e9douane la Camwater<\/a><\/strong><\/p>\n<p>Des sources proches du concessionnaires du service public de la distribution de l\u2019\u00e9lectricit\u00e9 au Cameroun, les collaborateurs du ministre ont manqu\u00e9 d\u2019attention au moment de noter le montant de l\u2019appui que l\u2019Etat apporte \u00e0 Eneo dans l\u2019achat du combustible destin\u00e9 aux centrales thermiques. Si les dirigeants d\u2019Eneo reconnaissent bien qu\u2019une instruction pr\u00e9sidentielle leur alloue un milliard de FCFA par semaine \u00e0 cette fin, ils ne reconnaissent pas recevoir cette somme. Le gouvernement nous transfert effectivement un milliard de FCFA mais par mois pour l\u2019achat du carburant en vue du ravitaillement des centrales thermiques.<\/p>\n<p>L\u2019article <a rel=\"nofollow\" href=\"https:\/\/ecomatin.net\/consommation-electrique-querelle-de-chiffres-entre-eneo-et-le-minee\/\">Consommation \u00e9lectrique : querelle de chiffres entre Eneo et le Minee<\/a> est apparu en premier sur <a rel=\"nofollow\" href=\"https:\/\/ecomatin.net\/\">EcoMatin<\/a>.<\/p>\n<\/div>\n<p>Auteur: Philipe NSOA<br \/>\n<a href=\"https:\/\/ecomatin.net\/consommation-electrique-querelle-de-chiffres-entre-eneo-et-le-minee\/\">Cliquez ici pour lire l&rsquo;article depuis sa source.<\/a><\/p>\n","protected":false},"excerpt":{"rendered":"<p>Difficile d\u2019imaginer quelle sera la r\u00e9action des d\u00e9put\u00e9s et s\u00e9nateurs en l\u2019apprenant. L\u2019affaire aurait pu \u00e9clater lors du passage \u00e0 l\u2019h\u00e9micycle du Palais des congr\u00e8s, fin juin 2021, du ministre de l\u2019Eau et de l\u2019Energie (Minee) et du directeur g\u00e9n\u00e9ral de Energy of Cameroon (Eneo) \u00e0 l\u2019occasion d\u2019une s\u00e9ance pl\u00e9ni\u00e8re sp\u00e9ciale de l\u2019Assembl\u00e9e nationale consacr\u00e9e [&hellip;]<\/p>\n","protected":false},"author":1969,"featured_media":0,"comment_status":"closed","ping_status":"closed","sticky":false,"template":"","format":"standard","meta":{"fifu_image_url":"","fifu_image_alt":"","footnotes":""},"categories":[82,78],"tags":[],"class_list":["post-120481","post","type-post","status-publish","format-standard","hentry","category-cameroun","category-economie"],"_links":{"self":[{"href":"https:\/\/linitiative.ca\/International\/wp-json\/wp\/v2\/posts\/120481","targetHints":{"allow":["GET"]}}],"collection":[{"href":"https:\/\/linitiative.ca\/International\/wp-json\/wp\/v2\/posts"}],"about":[{"href":"https:\/\/linitiative.ca\/International\/wp-json\/wp\/v2\/types\/post"}],"author":[{"embeddable":true,"href":"https:\/\/linitiative.ca\/International\/wp-json\/wp\/v2\/users\/1969"}],"replies":[{"embeddable":true,"href":"https:\/\/linitiative.ca\/International\/wp-json\/wp\/v2\/comments?post=120481"}],"version-history":[{"count":0,"href":"https:\/\/linitiative.ca\/International\/wp-json\/wp\/v2\/posts\/120481\/revisions"}],"wp:attachment":[{"href":"https:\/\/linitiative.ca\/International\/wp-json\/wp\/v2\/media?parent=120481"}],"wp:term":[{"taxonomy":"category","embeddable":true,"href":"https:\/\/linitiative.ca\/International\/wp-json\/wp\/v2\/categories?post=120481"},{"taxonomy":"post_tag","embeddable":true,"href":"https:\/\/linitiative.ca\/International\/wp-json\/wp\/v2\/tags?post=120481"}],"curies":[{"name":"wp","href":"https:\/\/api.w.org\/{rel}","templated":true}]}}