{"id":120482,"date":"2021-07-06T10:11:43","date_gmt":"2021-07-06T14:11:43","guid":{"rendered":"https:\/\/linitiative.ca\/International\/vaccins-anti-covid-19-la-barre-des-20-millions-de-doses-bientot-franchie\/"},"modified":"2021-07-06T10:11:43","modified_gmt":"2021-07-06T14:11:43","slug":"vaccins-anti-covid-19-la-barre-des-20-millions-de-doses-bientot-franchie","status":"publish","type":"post","link":"https:\/\/linitiative.ca\/International\/vaccins-anti-covid-19-la-barre-des-20-millions-de-doses-bientot-franchie\/","title":{"rendered":"Vaccins anti-Covid 19 : La barre des 20 millions de doses bient\u00f4t franchie"},"content":{"rendered":"<div>\n<p><img decoding=\"async\" width=\"300\" height=\"153\" src=\"https:\/\/linitiative.ca\/International\/wp-content\/uploads\/sites\/23\/2021\/07\/Approvisionnement-en-nouveaux-vaccins-map-10-300x153-1.jpg\" class=\"attachment-medium size-medium wp-post-image\" alt=\"\" loading=\"lazy\" srcset=\"\/\/aujourdhui.ma\/wp-content\/uploads\/2021\/03\/Approvisionnement-en-nouveaux-vaccins-map-10-300x153.jpg 300w, \/\/aujourdhui.ma\/wp-content\/uploads\/2021\/03\/Approvisionnement-en-nouveaux-vaccins-map-10-274x140.jpg 274w, \/\/aujourdhui.ma\/wp-content\/uploads\/2021\/03\/Approvisionnement-en-nouveaux-vaccins-map-10.jpg 746w, \/\/aujourdhui.ma\/wp-content\/uploads\/2021\/03\/Approvisionnement-en-nouveaux-vaccins-map-10-165x84.jpg 165w, \/\/aujourdhui.ma\/wp-content\/uploads\/2021\/03\/Approvisionnement-en-nouveaux-vaccins-map-10-702x358.jpg 702w\" sizes=\"auto, (max-width: 300px) 100vw, 300px\"><\/p>\n<p><span style=\"font-size: 20px; color: #800000;\"><strong>La barre des 20 millions de doses de vaccins anti-Covid 19 sera franchie \u00ab dans les prochains jours \u00bb.<\/strong> <\/span><span id=\"more-380911\"><\/span><\/p>\n<p>C\u2019est ce qu\u2019a indiqu\u00e9 mardi le minist\u00e8re de la Sant\u00e9, soulignant que le Maroc continue de recevoir de quantit\u00e9s suppl\u00e9mentaires de vaccins. A lundi 5 juillet 2021, le nombre de personnes compl\u00e8tement vaccin\u00e9es a atteint 9.181.595 personnes, tandis que les primo-vaccin\u00e9s s\u2019\u00e9l\u00e8vent d\u00e9sormais \u00e0 10.119.393, a indiqu\u00e9 le chef de la division des maladies transmissibles, Abdelkrim Meziane Bellefquih, au cours de la pr\u00e9sentation du bilan bimensuel (22 juin\/05 juillet) de la situation \u00e9pid\u00e9miologique au Maroc.<\/p>\n<p>M.Bellefquih a rappel\u00e9 que SM le Roi Mohammed VI a pr\u00e9sid\u00e9 lundi au Palais Royal de F\u00e8s le lancement et la signature d\u2019accords li\u00e9s au projet de fabrication et de mise en seringue au Maroc du vaccin anti-Covid19 et autres vaccins, expliquant que ce projet structurant s\u2019inscrit dans le cadre de la volont\u00e9 royale de permettre au Royaume de disposer de capacit\u00e9s industrielles et biotechnologiques globales et int\u00e9gr\u00e9es pour fabriquer des vaccins. En appui \u00e0 la campagne nationale de vaccination contre la Covid-19, qui est \u00e0 sa 23\u00e8me semaine cons\u00e9cutive, les autorit\u00e9s sanitaires nationales ont re\u00e7u, ce mardi matin, de nouvelles cargaisons du vaccin chinois Sinopharm, lesquelles permettront de poursuivre confortablement les op\u00e9rations de vaccination.<\/p>\n<p>Aux fins de la r\u00e9alisation des objectifs de la strat\u00e9gie nationale de vaccination, les rendez-vous ont \u00e9t\u00e9 \u00e9tendus \u00e0 la journ\u00e9e de dimanche, \u00e0 la faveur de la mobilisation de cadres m\u00e9dicaux civils et militaires, tout en donnant une nouvelle opportunit\u00e9 aux citoyens \u00e2g\u00e9s de plus de 40 ans de se faire vacciner. Le responsable a en outre fait \u00e9tat d\u2019un changement visible en termes d\u2019indicateurs, ce qui pr\u00e9sage le caract\u00e8re sensible de la prochaine \u00e9tape, affirmant : \u00ab Soit nous allons nous ressaisir en toute fermet\u00e9 et responsabilit\u00e9 et ramener la courbe \u00e0 une trajectoire positive, soit nous allons nous r\u00e9signer \u00e0 une rechute \u00e9pid\u00e9miologique avec laquelle tous les acquis risquent d\u2019\u00eatre an\u00e9antis \u00bb. A cet effet, le minist\u00e8re de la Sant\u00e9 exhorte les citoyennes et citoyens \u00e0 faire preuve d\u2019un sens \u00e9lev\u00e9 de responsabilit\u00e9 et de vigilance citoyenne pour aller de l\u2019avant dans la pr\u00e9servation des acquis et la mise en \u0153uvre fluide des mesures d\u2019assouplissement.<\/p>\n<\/div>\n<p>Auteur: ALM<br \/>\n<a href=\"https:\/\/aujourdhui.ma\/societe\/vaccins-anti-covid-19-la-barre-des-20-millions-de-doses-bientot-franchie\">Cliquez ici pour lire l&rsquo;article depuis sa source.<\/a><\/p>\n","protected":false},"excerpt":{"rendered":"<p>La barre des 20 millions de doses de vaccins anti-Covid 19 sera franchie \u00ab dans les prochains jours \u00bb. C\u2019est ce qu\u2019a indiqu\u00e9 mardi le minist\u00e8re de la Sant\u00e9, soulignant que le Maroc continue de recevoir de quantit\u00e9s suppl\u00e9mentaires de vaccins. A lundi 5 juillet 2021, le nombre de personnes compl\u00e8tement vaccin\u00e9es a atteint 9.181.595 [&hellip;]<\/p>\n","protected":false},"author":1759,"featured_media":0,"comment_status":"closed","ping_status":"closed","sticky":false,"template":"","format":"standard","meta":{"fifu_image_url":"https:\/\/aujourdhui.ma\/wp-content\/uploads\/2021\/03\/Approvisionnement-en-nouveaux-vaccins-map-10-300x153.jpg","fifu_image_alt":"Vaccins anti-Covid 19 : La barre des 20 millions de doses bient\u00f4t franchie","footnotes":""},"categories":[73,54],"tags":[],"class_list":["post-120482","post","type-post","status-publish","format-standard","hentry","category-actualite","category-maroc"],"_links":{"self":[{"href":"https:\/\/linitiative.ca\/International\/wp-json\/wp\/v2\/posts\/120482","targetHints":{"allow":["GET"]}}],"collection":[{"href":"https:\/\/linitiative.ca\/International\/wp-json\/wp\/v2\/posts"}],"about":[{"href":"https:\/\/linitiative.ca\/International\/wp-json\/wp\/v2\/types\/post"}],"author":[{"embeddable":true,"href":"https:\/\/linitiative.ca\/International\/wp-json\/wp\/v2\/users\/1759"}],"replies":[{"embeddable":true,"href":"https:\/\/linitiative.ca\/International\/wp-json\/wp\/v2\/comments?post=120482"}],"version-history":[{"count":0,"href":"https:\/\/linitiative.ca\/International\/wp-json\/wp\/v2\/posts\/120482\/revisions"}],"wp:attachment":[{"href":"https:\/\/linitiative.ca\/International\/wp-json\/wp\/v2\/media?parent=120482"}],"wp:term":[{"taxonomy":"category","embeddable":true,"href":"https:\/\/linitiative.ca\/International\/wp-json\/wp\/v2\/categories?post=120482"},{"taxonomy":"post_tag","embeddable":true,"href":"https:\/\/linitiative.ca\/International\/wp-json\/wp\/v2\/tags?post=120482"}],"curies":[{"name":"wp","href":"https:\/\/api.w.org\/{rel}","templated":true}]}}