{"id":120484,"date":"2021-07-06T11:00:57","date_gmt":"2021-07-06T15:00:57","guid":{"rendered":"https:\/\/linitiative.ca\/International\/covid-19-maroc-le-taux-de-reproduction-saggrave-a-13-au-niveau-national\/"},"modified":"2021-07-06T11:00:57","modified_gmt":"2021-07-06T15:00:57","slug":"covid-19-maroc-le-taux-de-reproduction-saggrave-a-13-au-niveau-national","status":"publish","type":"post","link":"https:\/\/linitiative.ca\/International\/covid-19-maroc-le-taux-de-reproduction-saggrave-a-13-au-niveau-national\/","title":{"rendered":"Covid-19 \/ Maroc : le taux de reproduction s\u2019aggrave \u00e0 1,3 au niveau national"},"content":{"rendered":"<div>\n<p><img decoding=\"async\" width=\"300\" height=\"153\" src=\"https:\/\/linitiative.ca\/International\/wp-content\/uploads\/sites\/23\/2021\/07\/Abdelkrim-Meziane-Bellefquih-300x153-1.jpg\" class=\"attachment-medium size-medium wp-post-image\" alt=\"\" loading=\"lazy\" srcset=\"\/\/aujourdhui.ma\/wp-content\/uploads\/2021\/07\/Abdelkrim-Meziane-Bellefquih-300x153.jpg 300w, \/\/aujourdhui.ma\/wp-content\/uploads\/2021\/07\/Abdelkrim-Meziane-Bellefquih-274x140.jpg 274w, \/\/aujourdhui.ma\/wp-content\/uploads\/2021\/07\/Abdelkrim-Meziane-Bellefquih.jpg 746w, \/\/aujourdhui.ma\/wp-content\/uploads\/2021\/07\/Abdelkrim-Meziane-Bellefquih-165x84.jpg 165w, \/\/aujourdhui.ma\/wp-content\/uploads\/2021\/07\/Abdelkrim-Meziane-Bellefquih-702x358.jpg 702w\" sizes=\"auto, (max-width: 300px) 100vw, 300px\"><\/p>\n<p><span style=\"color: #800000;\"><strong>e taux de reproduction de la Covid-19 s\u2019est aggrav\u00e9 \u00e0 1,3 au niveau national durant la derni\u00e8re quinzaine (22 juin\/05 juillet), a indiqu\u00e9 mardi le minist\u00e8re de la Sant\u00e9 dans son bilan bimensuel de la situation \u00e9pid\u00e9miologique, faisant \u00e9tat d\u2019une \u00ab\u00a0augmentation notable\u00a0\u00bb de 61,1% des cas positifs.<\/strong><\/span><span id=\"more-380956\"><\/span><\/p>\n<p>Le taux de reproduction \u00ab\u00a0se situe loin de l\u2019objectif qui est de 0,7 fix\u00e9 dans le cadre du plan national de veille et de lutte contre la Covid-19\u00a0\u00bb, a averti le chef de la division des maladies transmissibles, Abdelkrim Meziane Bellefquih, qui a pr\u00e9sent\u00e9 le bilan.<\/p>\n<p>L\u2019augmentation des cas positifs a concern\u00e9 toutes les r\u00e9gions sans exclusive : Guelmim-Oued Noun ( 262%), Souss-Massa ( 100%), B\u00e9ni Mellal-Kh\u00e9nifra ( 86%), Rabat-Sal\u00e9-K\u00e9nitra ( 75%), Dra\u00e2-Tafilalet (70%), Marrakech-Safi ( 69%), Casablanca-Settat ( 60%), Dakhla-Oued Eddahab ( 40%), l\u2019Oriental ( 39%), La\u00e2youne-Sakia El Hamra ( 24%), F\u00e8s-Mekn\u00e8s ( 23%) et Tanger-T\u00e9touan-Al Hoceima ( 15%).<\/p>\n<\/div>\n<p>Auteur: ALM<br \/>\n<a href=\"https:\/\/aujourdhui.ma\/societe\/covid-19-maroc-le-taux-de-reproduction-saggrave-a-13-au-niveau-national\">Cliquez ici pour lire l&rsquo;article depuis sa source.<\/a><\/p>\n","protected":false},"excerpt":{"rendered":"<p>e taux de reproduction de la Covid-19 s\u2019est aggrav\u00e9 \u00e0 1,3 au niveau national durant la derni\u00e8re quinzaine (22 juin\/05 juillet), a indiqu\u00e9 mardi le minist\u00e8re de la Sant\u00e9 dans son bilan bimensuel de la situation \u00e9pid\u00e9miologique, faisant \u00e9tat d\u2019une \u00ab\u00a0augmentation notable\u00a0\u00bb de 61,1% des cas positifs. Le taux de reproduction \u00ab\u00a0se situe loin de [&hellip;]<\/p>\n","protected":false},"author":1759,"featured_media":0,"comment_status":"closed","ping_status":"closed","sticky":false,"template":"","format":"standard","meta":{"fifu_image_url":"https:\/\/aujourdhui.ma\/wp-content\/uploads\/2021\/07\/Abdelkrim-Meziane-Bellefquih-300x153.jpg","fifu_image_alt":"Covid-19 \/ Maroc : le taux de reproduction s\u2019aggrave \u00e0 1,3 au niveau national","footnotes":""},"categories":[73,54],"tags":[],"class_list":["post-120484","post","type-post","status-publish","format-standard","hentry","category-actualite","category-maroc"],"_links":{"self":[{"href":"https:\/\/linitiative.ca\/International\/wp-json\/wp\/v2\/posts\/120484","targetHints":{"allow":["GET"]}}],"collection":[{"href":"https:\/\/linitiative.ca\/International\/wp-json\/wp\/v2\/posts"}],"about":[{"href":"https:\/\/linitiative.ca\/International\/wp-json\/wp\/v2\/types\/post"}],"author":[{"embeddable":true,"href":"https:\/\/linitiative.ca\/International\/wp-json\/wp\/v2\/users\/1759"}],"replies":[{"embeddable":true,"href":"https:\/\/linitiative.ca\/International\/wp-json\/wp\/v2\/comments?post=120484"}],"version-history":[{"count":0,"href":"https:\/\/linitiative.ca\/International\/wp-json\/wp\/v2\/posts\/120484\/revisions"}],"wp:attachment":[{"href":"https:\/\/linitiative.ca\/International\/wp-json\/wp\/v2\/media?parent=120484"}],"wp:term":[{"taxonomy":"category","embeddable":true,"href":"https:\/\/linitiative.ca\/International\/wp-json\/wp\/v2\/categories?post=120484"},{"taxonomy":"post_tag","embeddable":true,"href":"https:\/\/linitiative.ca\/International\/wp-json\/wp\/v2\/tags?post=120484"}],"curies":[{"name":"wp","href":"https:\/\/api.w.org\/{rel}","templated":true}]}}