{"id":120493,"date":"2021-07-06T11:30:37","date_gmt":"2021-07-06T15:30:37","guid":{"rendered":"https:\/\/linitiative.ca\/International\/al-aroui-fin-de-parcours-pour-un-cambrioleur-en-serie\/"},"modified":"2021-07-06T11:30:37","modified_gmt":"2021-07-06T15:30:37","slug":"al-aroui-fin-de-parcours-pour-un-cambrioleur-en-serie","status":"publish","type":"post","link":"https:\/\/linitiative.ca\/International\/al-aroui-fin-de-parcours-pour-un-cambrioleur-en-serie\/","title":{"rendered":"Al Aroui :  Fin de parcours pour un cambrioleur en s\u00e9rie"},"content":{"rendered":"<div>\n<p><img decoding=\"async\" width=\"300\" height=\"153\" src=\"https:\/\/linitiative.ca\/International\/wp-content\/uploads\/sites\/23\/2021\/07\/Arrestation-300x153-1.jpg\" class=\"attachment-medium size-medium wp-post-image\" alt=\"\" loading=\"lazy\" srcset=\"\/\/aujourdhui.ma\/wp-content\/uploads\/2020\/04\/Arrestation-300x153.jpg 300w, \/\/aujourdhui.ma\/wp-content\/uploads\/2020\/04\/Arrestation.jpg 746w\" sizes=\"auto, (max-width: 300px) 100vw, 300px\"><\/p>\n<p><strong>A Al Aroui, un malfaiteur de trente ans qui a perp\u00e9tr\u00e9 plusieurs agressions et cambriolages a \u00e9t\u00e9 mis hors d\u2019\u00e9tat de nuire, vendredi dernier, vers l\u2019apr\u00e8s-midi, par les \u00e9l\u00e9ments de la gendarmerie royale.<\/strong><span id=\"more-380947\"><\/span> Le mis en cause qui faisait l\u2019objet de plusieurs notes de recherche \u00e0 l\u2019\u00e9chelle nationale a \u00e9t\u00e9 maintenu en d\u00e9tention pr\u00e9ventive. Sa derni\u00e8re op\u00e9ration remonte \u00e0 quelques jours lorsqu\u2019il a cambriol\u00e9 une villa situ\u00e9e \u00e0 Berkane en mettant la main sur des bijoux en or, des objets pr\u00e9cieux, d\u2019importantes sommes d\u2019argent et une voiture, Mercedes 220. La perquisition effectu\u00e9e chez lui a permis de saisir une partie des objets vol\u00e9s.<\/p>\n<\/div>\n<p>Auteur: Abderrafii ALOUMLIKI<br \/>\n<a href=\"https:\/\/aujourdhui.ma\/faits-divers\/al-aroui-fin-de-parcours-pour-un-cambrioleur-en-serie\">Cliquez ici pour lire l&rsquo;article depuis sa source.<\/a><\/p>\n","protected":false},"excerpt":{"rendered":"<p>A Al Aroui, un malfaiteur de trente ans qui a perp\u00e9tr\u00e9 plusieurs agressions et cambriolages a \u00e9t\u00e9 mis hors d\u2019\u00e9tat de nuire, vendredi dernier, vers l\u2019apr\u00e8s-midi, par les \u00e9l\u00e9ments de la gendarmerie royale. Le mis en cause qui faisait l\u2019objet de plusieurs notes de recherche \u00e0 l\u2019\u00e9chelle nationale a \u00e9t\u00e9 maintenu en d\u00e9tention pr\u00e9ventive. Sa [&hellip;]<\/p>\n","protected":false},"author":1759,"featured_media":0,"comment_status":"closed","ping_status":"closed","sticky":false,"template":"","format":"standard","meta":{"fifu_image_url":"https:\/\/aujourdhui.ma\/wp-content\/uploads\/2020\/04\/Arrestation-300x153.jpg","fifu_image_alt":"Al Aroui :  Fin de parcours pour un cambrioleur en s\u00e9rie","footnotes":""},"categories":[73,54],"tags":[],"class_list":["post-120493","post","type-post","status-publish","format-standard","hentry","category-actualite","category-maroc"],"_links":{"self":[{"href":"https:\/\/linitiative.ca\/International\/wp-json\/wp\/v2\/posts\/120493","targetHints":{"allow":["GET"]}}],"collection":[{"href":"https:\/\/linitiative.ca\/International\/wp-json\/wp\/v2\/posts"}],"about":[{"href":"https:\/\/linitiative.ca\/International\/wp-json\/wp\/v2\/types\/post"}],"author":[{"embeddable":true,"href":"https:\/\/linitiative.ca\/International\/wp-json\/wp\/v2\/users\/1759"}],"replies":[{"embeddable":true,"href":"https:\/\/linitiative.ca\/International\/wp-json\/wp\/v2\/comments?post=120493"}],"version-history":[{"count":0,"href":"https:\/\/linitiative.ca\/International\/wp-json\/wp\/v2\/posts\/120493\/revisions"}],"wp:attachment":[{"href":"https:\/\/linitiative.ca\/International\/wp-json\/wp\/v2\/media?parent=120493"}],"wp:term":[{"taxonomy":"category","embeddable":true,"href":"https:\/\/linitiative.ca\/International\/wp-json\/wp\/v2\/categories?post=120493"},{"taxonomy":"post_tag","embeddable":true,"href":"https:\/\/linitiative.ca\/International\/wp-json\/wp\/v2\/tags?post=120493"}],"curies":[{"name":"wp","href":"https:\/\/api.w.org\/{rel}","templated":true}]}}