{"id":120498,"date":"2021-07-05T14:00:00","date_gmt":"2021-07-05T18:00:00","guid":{"rendered":"https:\/\/linitiative.ca\/International\/federer-revient-en-deuxieme-semaine\/"},"modified":"2021-07-05T14:00:00","modified_gmt":"2021-07-05T18:00:00","slug":"federer-revient-en-deuxieme-semaine","status":"publish","type":"post","link":"https:\/\/linitiative.ca\/International\/federer-revient-en-deuxieme-semaine\/","title":{"rendered":"Federer revient en deuxi\u00e8me semaine !"},"content":{"rendered":"<div>\n<p class=\"has-text-align-center has-vivid-red-color has-text-color\"><strong>Wimbledon<\/strong><\/p>\n<p class=\"has-text-align-left has-black-color has-text-color\"><strong>Roger Federer n\u2019\u00e9tait pas injouable samedi \u00e0 Wimbledon, mais son niveau lui a suffi pour se hisser en huiti\u00e8mes de finale pour la 18e fois et ainsi poursuivre son objectif d\u2019un neuvi\u00e8me sacre sur le gazon pour porter \u00e0 21 le record de titres du Grand Chelem.<\/strong><\/p>\n<p class=\"has-text-align-left has-black-color has-text-color\">Face \u00e0 Cameron Norrie (34e mondial), le Suisse s\u2019est impos\u00e9 6-4, 6-4, 5-7, 6-4.<br \/>Sans briller, en commettant des fautes, il a sembl\u00e9 n\u00e9anmoins se diriger vers une victoire en trois sets. Mais le Britannique n\u2019a pas baiss\u00e9 les bras et a pouss\u00e9 l\u2019ex-N.1 mondial, aujourd\u2019hui 8e, \u00e0 un quatri\u00e8me set pour finalement s\u2019imposer.<\/p>\n<p class=\"has-text-align-left has-black-color has-text-color\">\u00ab\u00a0Pour moi, c\u2019est une victoire de r\u00e9f\u00e9rence parce que si je peux battre un joueur de son niveau, qui a bien jou\u00e9 la semaine derni\u00e8re (finaliste au Queen\u2019s, ndlr), qui joue \u00e0 domicile, qui a jou\u00e9 des tonnes de matches\u2026\u00a0\u00bb, s\u2019est r\u00e9joui Federer.<\/p>\n<p class=\"has-text-align-left has-black-color has-text-color\">\u00ab\u00a0Je sais qui j\u2019ai battu, ce n\u2019est pas juste un gars qui joue bien ce jour-l\u00e0. C\u2019est un bon joueur. Et c\u2019est pour \u00e7a que je suis extr\u00eamement heureux d\u2019avoir trouv\u00e9 le moyen de m\u2019en sortir au 4e set\u00a0\u00bb, a-t-il poursuivi.<\/p>\n<p class=\"has-text-align-left has-black-color has-text-color\">Il parvient ainsi en deuxi\u00e8me semaine d\u2019un tournoi du Grand Chelem pour la 69e fois (!) et affrontera l\u2019Italien Lorenzo Sonego (27e).<\/p>\n<p class=\"has-text-align-left has-black-color has-text-color\">S\u2019il a \u00e9t\u00e9 ravi par le succ\u00e8s de Federer, le public de Wimbledon a \u00e9t\u00e9 attrist\u00e9 par l\u2019abandon sur blessure du fantasque Nick Kyrgios.<\/p>\n<p class=\"has-text-align-left has-black-color has-text-color\">L\u2019Australien (60e), qui n\u2019avait plus jou\u00e9 depuis l\u2019Open d\u2019Australie en f\u00e9vrier, affrontait F\u00e9lix Auger-Aliassime (19e), l\u2019un des jeunes talents du circuit. Il a empoch\u00e9 la premi\u00e8re manche 6-2, mais a soudain baiss\u00e9 de r\u00e9gime pour s\u2019incliner 6-1 et jeter l\u2019\u00e9ponge.<\/p>\n<p class=\"has-text-align-left has-black-color has-text-color\">\u00ab\u00a0Je me suis fait les abdominaux \u00e0 la fin du premier set. Ca fait un moment que je n\u2019ai pas jou\u00e9 \u00e0 ce niveau et mon service est mon arme principale. J\u2019en ai besoin pour tourner \u00e0 plein r\u00e9gime\u00a0\u00bb, a-t-il expliqu\u00e9 dans son style toujours d\u00e9contract\u00e9.<\/p>\n<p class=\"has-text-align-left has-black-color has-text-color\">Triste fin pour un match qui avait commenc\u00e9 avec des rires quand Kyrgios s\u2019\u00e9tait rendu compte, juste avant de commencer l\u2019\u00e9chauffement, qu\u2019il avait des chaussures de basket et non de tennis et qu\u2019il a d\u00fb patienter -et faire patienter son adversaire- le temps qu\u2019on lui am\u00e8ne la bonne paire.<\/p>\n<p class=\"has-text-align-left has-black-color has-text-color\">Du coup, c\u2019est Auger-Aliassime qui affrontera pour une place en quarts de finale Alexander Zverev (6e), qui a battu Taylor Fritz (40e) avant de s\u2019imposer 6-7 (3\/7), 6-4, 6-3, 7-6 (7\/4).<\/p>\n<p class=\"has-text-align-left has-black-color has-text-color\">En soir\u00e9e, Daniil Medvedev (N.2 mondial) a enfin atteint les huiti\u00e8mes \u00e0 Wimbledon, apr\u00e8s deux \u00e9checs cons\u00e9cutifs au 3e tour, en remontant deux sets pour \u00e9carter Marin Cilic (37e et finaliste 2017) 6-7 (3\/7), 3-6, 6-3, 6-3, 6-2. C\u2019est la premi\u00e8re fois que le Russe remporte un match apr\u00e8s avoir perdu les deux premiers sets.<\/p>\n<p class=\"has-text-align-left has-black-color has-text-color\">Dans le tableau f\u00e9minin, la surprise est venue de la jeune Britannique Emma Raducanu (338e et b\u00e9n\u00e9ficiaire d\u2019une invitation our son premier Majeur), encore sur les bancs universitaires il y a deux mois et qui a r\u00e9ussi son examen de passage en deuxi\u00e8me semaine \u00e0 Wimbledon en \u00e9liminant la Roumaine Sorana Cirstea (45e) 6-3, 7-5.<\/p>\n<p class=\"has-text-align-left has-black-color has-text-color\">\u00ab\u00a0Qui aurait cru\u2026 Quand je faisais mes valises pour venir, mes parents m\u2019ont dit +tu mets trop de v\u00eatements de tennis+ !\u00a0\u00bb, s\u2019est-elle amus\u00e9e.<\/p>\n<p class=\"has-text-align-left has-black-color has-text-color\">Elle avait annonc\u00e9 apr\u00e8s sa qualification pour le 3e tour qu\u2019elle pr\u00e9f\u00e9rait passer en huiti\u00e8mes de finale que d\u2019obtenir les f\u00e9licitations \u00e0 ses examens d\u2019\u00e9conomie et de math\u00e9matiques. Elle y est, et affrontera l\u2019Australienne Ajla Tomljanovic (75e).<\/p>\n<p class=\"has-text-align-left has-black-color has-text-color\">L\u2019Am\u00e9ricaine Coco Gauff (23e), qui avait d\u00e9boul\u00e9 sur la plan\u00e8te tennis en 2019 en atteignant les huiti\u00e8mes de finale de Wimbledon, est de retour au m\u00eame stade cette ann\u00e9e apr\u00e8s avoir \u00e9cart\u00e9 la Slov\u00e8ne Kaja Juvan (102e), 6-3, 6-3.<br \/>A 17 ans, elle affrontera lundi l\u2019Allemande Angelique Kerber (28e et laur\u00e9ate en 2018) pour tenter de se qualifier pour les quarts de finale et ainsi \u00e9galer son meilleur r\u00e9sultat en Grand Chelem obtenu \u00e0 Roland-Garros.<\/p>\n<p class=\"has-text-align-left has-black-color has-text-color\">Conform\u00e9ment \u00e0 la tradition, mais pour la derni\u00e8re fois, aucun match n\u2019est programm\u00e9 lors du premier dimanche du tournoi, si bien que tous les huiti\u00e8mes de finale se joueront lundi pour le Manic Monday (Lundi maniaque).<\/p>\n<p>L\u2019article <a rel=\"nofollow\" href=\"http:\/\/albayane.press.ma\/federer-revient-en-deuxieme-semaine.html\">Federer revient en deuxi\u00e8me semaine !<\/a> est apparu en premier sur <a rel=\"nofollow\" href=\"http:\/\/albayane.press.ma\/\">ALBAYANE<\/a>.<\/p>\n<\/div>\n<p>Auteur: M&rsquo;hammed rahal<br \/>\n<a href=\"http:\/\/albayane.press.ma\/federer-revient-en-deuxieme-semaine.html\">Cliquez ici pour lire l&rsquo;article depuis sa source.<\/a><\/p>\n","protected":false},"excerpt":{"rendered":"<p>Wimbledon Roger Federer n\u2019\u00e9tait pas injouable samedi \u00e0 Wimbledon, mais son niveau lui a suffi pour se hisser en huiti\u00e8mes de finale pour la 18e fois et ainsi poursuivre son objectif d\u2019un neuvi\u00e8me sacre sur le gazon pour porter \u00e0 21 le record de titres du Grand Chelem. Face \u00e0 Cameron Norrie (34e mondial), le [&hellip;]<\/p>\n","protected":false},"author":1760,"featured_media":0,"comment_status":"closed","ping_status":"closed","sticky":false,"template":"","format":"standard","meta":{"fifu_image_url":"","fifu_image_alt":"","footnotes":""},"categories":[73,54],"tags":[],"class_list":["post-120498","post","type-post","status-publish","format-standard","hentry","category-actualite","category-maroc"],"_links":{"self":[{"href":"https:\/\/linitiative.ca\/International\/wp-json\/wp\/v2\/posts\/120498","targetHints":{"allow":["GET"]}}],"collection":[{"href":"https:\/\/linitiative.ca\/International\/wp-json\/wp\/v2\/posts"}],"about":[{"href":"https:\/\/linitiative.ca\/International\/wp-json\/wp\/v2\/types\/post"}],"author":[{"embeddable":true,"href":"https:\/\/linitiative.ca\/International\/wp-json\/wp\/v2\/users\/1760"}],"replies":[{"embeddable":true,"href":"https:\/\/linitiative.ca\/International\/wp-json\/wp\/v2\/comments?post=120498"}],"version-history":[{"count":0,"href":"https:\/\/linitiative.ca\/International\/wp-json\/wp\/v2\/posts\/120498\/revisions"}],"wp:attachment":[{"href":"https:\/\/linitiative.ca\/International\/wp-json\/wp\/v2\/media?parent=120498"}],"wp:term":[{"taxonomy":"category","embeddable":true,"href":"https:\/\/linitiative.ca\/International\/wp-json\/wp\/v2\/categories?post=120498"},{"taxonomy":"post_tag","embeddable":true,"href":"https:\/\/linitiative.ca\/International\/wp-json\/wp\/v2\/tags?post=120498"}],"curies":[{"name":"wp","href":"https:\/\/api.w.org\/{rel}","templated":true}]}}