{"id":120499,"date":"2021-07-05T14:00:00","date_gmt":"2021-07-05T18:00:00","guid":{"rendered":"https:\/\/linitiative.ca\/International\/il-y-a-65-ans-disparaissait-brahim-roudani\/"},"modified":"2021-07-05T14:00:00","modified_gmt":"2021-07-05T18:00:00","slug":"il-y-a-65-ans-disparaissait-brahim-roudani","status":"publish","type":"post","link":"https:\/\/linitiative.ca\/International\/il-y-a-65-ans-disparaissait-brahim-roudani\/","title":{"rendered":"Il y a 65 ans disparaissait Brahim Roudani"},"content":{"rendered":"<div>\n<p class=\"has-text-align-center has-vivid-red-color has-text-color\"><strong>Victime d\u2019un l\u00e2che attentat le 5 juillet 1956<\/strong><\/p>\n<p class=\"has-black-color has-text-color\"><strong>Le 5 juillet 1956, disparaissait Brahim Roudani .Victime d\u2019un l\u00e2che attentat, l\u2019un des plus grands r\u00e9sistants\u00a0 marocains, fut un animateur incontournable des r\u00e9seaux du nationalisme au Maroc en g\u00e9n\u00e9ral et\u00a0 \u00e0\u00a0 Casablanca en particulier. Ce natif de la r\u00e9gion de Taroudant dont les affaires avaient prosp\u00e9r\u00e9, mettait \u00e0\u00a0 la disposition du mouvement de la R\u00e9sistance armes et argent afin d\u2019aider les patriotes \u00e0 combattre l \u2018occupant<\/strong><\/p>\n<p class=\"has-black-color has-text-color\">Son domicile \u00e0 Derb Lihoudi ne d\u00e9semplissait pas et \u00e9tait le lieu de rencontres des r\u00e9sistants de l\u2019\u00e9poque et\u00a0 maintes actions contre les occupants y ont \u00e9t\u00e9\u00a0 con\u00e7ues.<\/p>\n<p class=\"has-black-color has-text-color\">Brahim Roudani, a\u00a0 \u00e9t\u00e9 \u00e0 maintes reprises incarc\u00e9r\u00e9 et tortur\u00e9 par les forces coloniales qui n\u2019ont jamais r\u00e9ussi \u00e0\u00a0 lui soutirer le moindre aveu. Malgr\u00e9 les souffrances qu\u2019il a\u00a0 endur\u00e9es \u00e0\u00a0 Darkoum lieu de d\u00e9tention\u00a0 o\u00f9 s\u00e9vissaient\u00a0 les tortionnaires de la police coloniale , le Petit P\u00e8re, comme on se plaisait \u00e0 le surnommer , a toujours su garder le secret <\/p>\n<p class=\"has-black-color has-text-color\">Assur\u00e9ment, Brahim Roudani a incontestablement marqu\u00e9 de son empreinte ind\u00e9l\u00e9bile l \u2018histoire de la R\u00e9sistance marocaine.<\/p>\n<p>L\u2019article <a rel=\"nofollow\" href=\"http:\/\/albayane.press.ma\/il-y-a-65-ans-disparaissait-brahim-roudani.html\">Il y a 65 ans disparaissait Brahim Roudani<\/a> est apparu en premier sur <a rel=\"nofollow\" href=\"http:\/\/albayane.press.ma\/\">ALBAYANE<\/a>.<\/p>\n<\/div>\n<p>Auteur: M&rsquo;hammed rahal<br \/>\n<a href=\"http:\/\/albayane.press.ma\/il-y-a-65-ans-disparaissait-brahim-roudani.html\">Cliquez ici pour lire l&rsquo;article depuis sa source.<\/a><\/p>\n","protected":false},"excerpt":{"rendered":"<p>Victime d\u2019un l\u00e2che attentat le 5 juillet 1956 Le 5 juillet 1956, disparaissait Brahim Roudani .Victime d\u2019un l\u00e2che attentat, l\u2019un des plus grands r\u00e9sistants\u00a0 marocains, fut un animateur incontournable des r\u00e9seaux du nationalisme au Maroc en g\u00e9n\u00e9ral et\u00a0 \u00e0\u00a0 Casablanca en particulier. Ce natif de la r\u00e9gion de Taroudant dont les affaires avaient prosp\u00e9r\u00e9, mettait [&hellip;]<\/p>\n","protected":false},"author":1760,"featured_media":0,"comment_status":"closed","ping_status":"closed","sticky":false,"template":"","format":"standard","meta":{"fifu_image_url":"","fifu_image_alt":"","footnotes":""},"categories":[73,54],"tags":[],"class_list":["post-120499","post","type-post","status-publish","format-standard","hentry","category-actualite","category-maroc"],"_links":{"self":[{"href":"https:\/\/linitiative.ca\/International\/wp-json\/wp\/v2\/posts\/120499","targetHints":{"allow":["GET"]}}],"collection":[{"href":"https:\/\/linitiative.ca\/International\/wp-json\/wp\/v2\/posts"}],"about":[{"href":"https:\/\/linitiative.ca\/International\/wp-json\/wp\/v2\/types\/post"}],"author":[{"embeddable":true,"href":"https:\/\/linitiative.ca\/International\/wp-json\/wp\/v2\/users\/1760"}],"replies":[{"embeddable":true,"href":"https:\/\/linitiative.ca\/International\/wp-json\/wp\/v2\/comments?post=120499"}],"version-history":[{"count":0,"href":"https:\/\/linitiative.ca\/International\/wp-json\/wp\/v2\/posts\/120499\/revisions"}],"wp:attachment":[{"href":"https:\/\/linitiative.ca\/International\/wp-json\/wp\/v2\/media?parent=120499"}],"wp:term":[{"taxonomy":"category","embeddable":true,"href":"https:\/\/linitiative.ca\/International\/wp-json\/wp\/v2\/categories?post=120499"},{"taxonomy":"post_tag","embeddable":true,"href":"https:\/\/linitiative.ca\/International\/wp-json\/wp\/v2\/tags?post=120499"}],"curies":[{"name":"wp","href":"https:\/\/api.w.org\/{rel}","templated":true}]}}