{"id":120500,"date":"2021-07-05T14:00:00","date_gmt":"2021-07-05T18:00:00","guid":{"rendered":"https:\/\/linitiative.ca\/International\/reouverture-lundi-de-la-gare-routiere-oulad-ziane\/"},"modified":"2021-07-05T14:00:00","modified_gmt":"2021-07-05T18:00:00","slug":"reouverture-lundi-de-la-gare-routiere-oulad-ziane","status":"publish","type":"post","link":"https:\/\/linitiative.ca\/International\/reouverture-lundi-de-la-gare-routiere-oulad-ziane\/","title":{"rendered":"R\u00e9ouverture lundi de la gare routi\u00e8re Oulad Ziane"},"content":{"rendered":"<div>\n<p class=\"has-text-align-center has-vivid-cyan-blue-color has-text-color\"><strong>Casablanca<\/strong><\/p>\n<p class=\"has-black-color has-text-color\"><strong>La gare routi\u00e8re Oulad Ziane rouvrira ses portes lundi apr\u00e8s plus d\u2019une ann\u00e9e de fermeture due aux mesures pr\u00e9ventives pour faire face \u00e0 la propagation de la pand\u00e9mie de la Covid-19.<\/strong><\/p>\n<p class=\"has-black-color has-text-color\">La r\u00e9ouverture de la plus grande gare routi\u00e8re au Maroc a \u00e9t\u00e9 d\u00e9cid\u00e9e \u00e0 l\u2019issue d\u2019une r\u00e9union tenue en pr\u00e9sence du gouverneur de la pr\u00e9fecture d\u2019El Fida Mers Sultan, du repr\u00e9sentant de la Commune de Casablanca en la personne de M. Mohamed Bourrahim, Adjoint au Maire en Charge de la mobilit\u00e9 et du transport, des repr\u00e9sentants des minist\u00e8res du transport et de la Sant\u00e9, ainsi que des services de police et des professionnels du transport.<\/p>\n<p class=\"has-black-color has-text-color\">Toutes les mesures de pr\u00e9vention contre la Covid-19 recommand\u00e9es par le Comit\u00e9 scientifique seront respect\u00e9es, notamment les r\u00e8gles d\u2019hygi\u00e8ne g\u00e9n\u00e9rale, le nettoyage, la distanciation physique ou encore le port des masques, indique un communiqu\u00e9 du conseil de la commune de Casablanca.<\/p>\n<p class=\"has-black-color has-text-color\">Il sera \u00e9galement proc\u00e9d\u00e9 au nettoyage et \u00e0 la s\u00e9curisation des locaux 24h\/24h et 7\/7. Aussi, l\u2019acc\u00e8s \u00e0 la gare routi\u00e8re ne sera ouvert qu\u2019aux seuls voyageurs munis de leurs tickets, ajoute-t-on.<\/p>\n<p class=\"has-black-color has-text-color\">L\u2019ouverture des portes de la gare routi\u00e8re se fera \u00e0 4h30 du matin et la fermeture \u00e0 23h00, conform\u00e9ment \u00e0 la d\u00e9cision du gouvernement instaurant le couvre-feu \u00e0 partir de cette heure.<\/p>\n<p class=\"has-black-color has-text-color\">De m\u00eame, une campagne de sensibilisation aupr\u00e8s des voyageurs sera lanc\u00e9e incessamment pour les inciter \u00e0 respecter les mesures de pr\u00e9vention, poursuit la m\u00eame source.<\/p>\n<p class=\"has-black-color has-text-color\">Install\u00e9e sur plus de 4 hectares, la gare routi\u00e8re Oulad Ziane accueille jusqu\u2019\u00e0 20.000 voyageurs par jour et plus de 800 autocars y transitent quotidiennement.<\/p>\n<p class=\"has-black-color has-text-color\">Elle compte en plus des guichets et des quais, un arrondissement de police, une administration communale, des locaux commerciaux, une pharmacie, une station-service, huit blocs sanitaires, ainsi qu\u2019une r\u00e9gie destin\u00e9e \u00e0 percevoir les produits de la gare routi\u00e8re.\u00a0<\/p>\n<p>L\u2019article <a rel=\"nofollow\" href=\"http:\/\/albayane.press.ma\/reouverture-lundi-de-la-gare-routiere-oulad-ziane.html\">R\u00e9ouverture lundi de la gare routi\u00e8re Oulad Ziane<\/a> est apparu en premier sur <a rel=\"nofollow\" href=\"http:\/\/albayane.press.ma\/\">ALBAYANE<\/a>.<\/p>\n<\/div>\n<p>Auteur: M&rsquo;hammed rahal<br \/>\n<a href=\"http:\/\/albayane.press.ma\/reouverture-lundi-de-la-gare-routiere-oulad-ziane.html\">Cliquez ici pour lire l&rsquo;article depuis sa source.<\/a><\/p>\n","protected":false},"excerpt":{"rendered":"<p>Casablanca La gare routi\u00e8re Oulad Ziane rouvrira ses portes lundi apr\u00e8s plus d\u2019une ann\u00e9e de fermeture due aux mesures pr\u00e9ventives pour faire face \u00e0 la propagation de la pand\u00e9mie de la Covid-19. La r\u00e9ouverture de la plus grande gare routi\u00e8re au Maroc a \u00e9t\u00e9 d\u00e9cid\u00e9e \u00e0 l\u2019issue d\u2019une r\u00e9union tenue en pr\u00e9sence du gouverneur de [&hellip;]<\/p>\n","protected":false},"author":1760,"featured_media":0,"comment_status":"closed","ping_status":"closed","sticky":false,"template":"","format":"standard","meta":{"fifu_image_url":"","fifu_image_alt":"","footnotes":""},"categories":[73,54],"tags":[],"class_list":["post-120500","post","type-post","status-publish","format-standard","hentry","category-actualite","category-maroc"],"_links":{"self":[{"href":"https:\/\/linitiative.ca\/International\/wp-json\/wp\/v2\/posts\/120500","targetHints":{"allow":["GET"]}}],"collection":[{"href":"https:\/\/linitiative.ca\/International\/wp-json\/wp\/v2\/posts"}],"about":[{"href":"https:\/\/linitiative.ca\/International\/wp-json\/wp\/v2\/types\/post"}],"author":[{"embeddable":true,"href":"https:\/\/linitiative.ca\/International\/wp-json\/wp\/v2\/users\/1760"}],"replies":[{"embeddable":true,"href":"https:\/\/linitiative.ca\/International\/wp-json\/wp\/v2\/comments?post=120500"}],"version-history":[{"count":0,"href":"https:\/\/linitiative.ca\/International\/wp-json\/wp\/v2\/posts\/120500\/revisions"}],"wp:attachment":[{"href":"https:\/\/linitiative.ca\/International\/wp-json\/wp\/v2\/media?parent=120500"}],"wp:term":[{"taxonomy":"category","embeddable":true,"href":"https:\/\/linitiative.ca\/International\/wp-json\/wp\/v2\/categories?post=120500"},{"taxonomy":"post_tag","embeddable":true,"href":"https:\/\/linitiative.ca\/International\/wp-json\/wp\/v2\/tags?post=120500"}],"curies":[{"name":"wp","href":"https:\/\/api.w.org\/{rel}","templated":true}]}}