{"id":120501,"date":"2021-07-05T14:00:00","date_gmt":"2021-07-05T18:00:00","guid":{"rendered":"https:\/\/linitiative.ca\/International\/qui-etait-maliheh-afnan-cette-artiste-humaniste\/"},"modified":"2021-07-05T14:00:00","modified_gmt":"2021-07-05T18:00:00","slug":"qui-etait-maliheh-afnan-cette-artiste-humaniste","status":"publish","type":"post","link":"https:\/\/linitiative.ca\/International\/qui-etait-maliheh-afnan-cette-artiste-humaniste\/","title":{"rendered":"Qui \u00e9tait Maliheh Afnan, cette artiste humaniste ?"},"content":{"rendered":"<div>\n<p class=\"has-text-align-center has-vivid-cyan-blue-color has-text-color\"><strong>Honor\u00e9 le 5 juillet par le G\u00e9ant du net, Google<\/strong><\/p>\n<p class=\"has-black-color has-text-color\"><strong>Google a rendu hommage, lundi 5 juillet 2021, \u00e0 Maliheh Afnan, une artiste palestinienne disparue en 2016 et dont l\u2019\u0153uvre ne cesse de fasciner.<\/strong><\/p>\n<figure class=\"wp-block-gallery columns-2 is-cropped\">\n<ul class=\"blocks-gallery-grid\">\n<li class=\"blocks-gallery-item\">\n<figure><img decoding=\"async\" loading=\"lazy\" width=\"508\" height=\"300\" src=\"https:\/\/linitiative.ca\/International\/wp-content\/uploads\/sites\/23\/2021\/07\/ventre1-32.jpg\" alt=\"\" data-id=\"116324\" class=\"wp-image-116324\"><\/figure>\n<\/li>\n<li class=\"blocks-gallery-item\">\n<figure><img decoding=\"async\" loading=\"lazy\" width=\"508\" height=\"300\" src=\"https:\/\/linitiative.ca\/International\/wp-content\/uploads\/sites\/23\/2021\/07\/VENTRE-6.png\" alt=\"\" data-id=\"116325\" data-full-url=\"https:\/\/linitiative.ca\/International\/wp-content\/uploads\/sites\/23\/2021\/07\/VENTRE-6.png\" data-link=\"http:\/\/albayane.press.ma\/?attachment_id=116325#main\" class=\"wp-image-116325\"><\/figure>\n<\/li>\n<\/ul>\n<\/figure>\n<p class=\"has-black-color has-text-color\">Cette artiste, dont le travail refl\u00e8te l\u2019histoire et les troubles du Moyen-Orient, a \u00e9t\u00e9 collectionn\u00e9e dans des galeries du monde entier, explore les th\u00e8mes de l\u2019exil et de son propre h\u00e9ritage culturel, un m\u00e9lange oriental et occidental.<\/p>\n<p class=\"has-black-color has-text-color\">De parents perses, n\u00e9e en Palestine et ayant v\u00e9cue au Liban, en France, Royaume-Uni et au Kowe\u00eft, entre guerres civiles et oppression, Maliheh Afnan s\u2019inspire de son histoire, de ses racines et sa culture, que l\u2019on retrouve dans ses \u0153uvres, en utilisant par exemple des \u00e9critures arabes et persanes, ce qui a incit\u00e9 ses professeurs \u00e0 lui faire d\u00e9couvrir l\u2019artiste calligraphe Mark Tobey avec qui elle a longuement collabor\u00e9.<\/p>\n<p class=\"has-black-color has-text-color\">Passionn\u00e9e d\u00e8s son plus jeune \u00e2ge, Maliheh Afnan alors qu\u2019elle ne savait encore ni lire ni \u00e9crire, griffonnait des \u00e9critures et des nombres imaginaires, d\u00e9veloppant un style distinct de calligraphie abstraite.\u00a0Cette tendance s\u2019est poursuivie dans ses \u0153uvres actuelles, o\u00f9 l\u2019\u00e9criture imaginaire et les chiffres sont toujours pr\u00e9sents, m\u00eame dans les paysages.<\/p>\n<p class=\"has-black-color has-text-color\">Fascin\u00e9e par le langage \u00e9crit et la calligraphie, son courrier arrivait chez elle en trois langues : l\u2019arabe, l\u2019anglais et l\u2019h\u00e9breu.<\/p>\n<p class=\"has-black-color has-text-color\">Ses \u0153uvres sont pr\u00e9sentes dans diverses galeries \u00e0 travers tout le Moyen-Orient mais \u00e9galement dans plusieurs mus\u00e9es europ\u00e9ens ainsi que dans le c\u00e9l\u00e8bre Metropolitan Museum of Art de New York.<\/p>\n<p class=\"has-black-color has-text-color\">Avec une carri\u00e8re impressionnante et un travail unique, Maliheh Afnan est une des artistes du Moyen-Orient les plus connues et talentueuses, de son pays natal jusqu\u2019au bout du globe.<\/p>\n<p class=\"has-black-color has-text-color\">Des peintures qui s\u2019apparentent \u00e0 d\u2019anciens parchemins. Maliheh Afnan a puis\u00e9 son inspiration d\u2019une vari\u00e9t\u00e9 d\u2019influences, probablement en raison de son \u00e9ducation dans la culture du Moyen-Orient et de son s\u00e9jour en Occident. Elle sera r\u00e9v\u00e9l\u00e9e au monde gr\u00e2ce \u00e0 sa s\u00e9rie intitul\u00e9e \u00ab\u00a0Voil\u00e9\u00a0\u00bb qui s\u2019inspirait du st\u00e9r\u00e9otype de ce \u00e0 quoi ressemblaient les femmes persanes, et ces voiles qu\u2019elles portaient. La s\u00e9rie se concentre sur les voiles non pas physiques, mais ceux cach\u00e9es \u00e0 l\u2019int\u00e9rieur d\u2019eux-m\u00eames: \u00ab\u00c9motions voil\u00e9es, menaces voil\u00e9es, sentiments voil\u00e9s.\u00bb<\/p>\n<p class=\"has-black-color has-text-color\">Maliheh Afnan a parl\u00e9 de son travail comme ayant des couches et a appr\u00e9ci\u00e9 l\u2019id\u00e9e que les \u00abcouches\u00bb de la vie se manifestent dans son travail. Afnan a \u00e9galement travaill\u00e9 avec des reliefs en pl\u00e2tre. Elle cr\u00e9ait un moule et le remplissait de pl\u00e2tre, le retirant une fois sec. Elle a peint sur le pl\u00e2tre en utilisant \u00abdes couleurs terre, br\u00fbl\u00e9es, rouille\u00bb.<\/p>\n<p>L\u2019article <a rel=\"nofollow\" href=\"http:\/\/albayane.press.ma\/qui-etait-maliheh-afnan-cette-artiste-humaniste.html\">Qui \u00e9tait Maliheh Afnan, cette artiste humaniste ?<\/a> est apparu en premier sur <a rel=\"nofollow\" href=\"http:\/\/albayane.press.ma\/\">ALBAYANE<\/a>.<\/p>\n<\/div>\n<p>Auteur: M&rsquo;hammed rahal<br \/>\n<a href=\"http:\/\/albayane.press.ma\/qui-etait-maliheh-afnan-cette-artiste-humaniste.html\">Cliquez ici pour lire l&rsquo;article depuis sa source.<\/a><\/p>\n","protected":false},"excerpt":{"rendered":"<p>Honor\u00e9 le 5 juillet par le G\u00e9ant du net, Google Google a rendu hommage, lundi 5 juillet 2021, \u00e0 Maliheh Afnan, une artiste palestinienne disparue en 2016 et dont l\u2019\u0153uvre ne cesse de fasciner. Cette artiste, dont le travail refl\u00e8te l\u2019histoire et les troubles du Moyen-Orient, a \u00e9t\u00e9 collectionn\u00e9e dans des galeries du monde entier, [&hellip;]<\/p>\n","protected":false},"author":1760,"featured_media":0,"comment_status":"closed","ping_status":"closed","sticky":false,"template":"","format":"standard","meta":{"fifu_image_url":"http:\/\/albayane.press.ma\/wp-content\/uploads\/ventre1-32.jpg","fifu_image_alt":"Qui \u00e9tait Maliheh Afnan, cette artiste humaniste ?","footnotes":""},"categories":[73,54],"tags":[],"class_list":["post-120501","post","type-post","status-publish","format-standard","hentry","category-actualite","category-maroc"],"_links":{"self":[{"href":"https:\/\/linitiative.ca\/International\/wp-json\/wp\/v2\/posts\/120501","targetHints":{"allow":["GET"]}}],"collection":[{"href":"https:\/\/linitiative.ca\/International\/wp-json\/wp\/v2\/posts"}],"about":[{"href":"https:\/\/linitiative.ca\/International\/wp-json\/wp\/v2\/types\/post"}],"author":[{"embeddable":true,"href":"https:\/\/linitiative.ca\/International\/wp-json\/wp\/v2\/users\/1760"}],"replies":[{"embeddable":true,"href":"https:\/\/linitiative.ca\/International\/wp-json\/wp\/v2\/comments?post=120501"}],"version-history":[{"count":0,"href":"https:\/\/linitiative.ca\/International\/wp-json\/wp\/v2\/posts\/120501\/revisions"}],"wp:attachment":[{"href":"https:\/\/linitiative.ca\/International\/wp-json\/wp\/v2\/media?parent=120501"}],"wp:term":[{"taxonomy":"category","embeddable":true,"href":"https:\/\/linitiative.ca\/International\/wp-json\/wp\/v2\/categories?post=120501"},{"taxonomy":"post_tag","embeddable":true,"href":"https:\/\/linitiative.ca\/International\/wp-json\/wp\/v2\/tags?post=120501"}],"curies":[{"name":"wp","href":"https:\/\/api.w.org\/{rel}","templated":true}]}}