{"id":120505,"date":"2021-07-06T05:30:00","date_gmt":"2021-07-06T09:30:00","guid":{"rendered":"https:\/\/linitiative.ca\/International\/drame-migratoire-a-repetition-en-mediterranee\/"},"modified":"2021-07-06T05:30:00","modified_gmt":"2021-07-06T09:30:00","slug":"drame-migratoire-a-repetition-en-mediterranee","status":"publish","type":"post","link":"https:\/\/linitiative.ca\/International\/drame-migratoire-a-repetition-en-mediterranee\/","title":{"rendered":"Drame migratoire \u00e0 r\u00e9p\u00e9tition en M\u00e9diterran\u00e9e"},"content":{"rendered":"<div>Au moins 21 cadavres de migrants, quasi majoritairement d\u2019Afrique subsaharienne, ont \u00e9t\u00e9 rep\u00each\u00e9s hier au large de Sfax (Tunisie), s\u2019ajoutant \u00e0 28 corps sans vie qui ont \u00e9t\u00e9 rep\u00each\u00e9s fin juin dans la m\u00eame zone.<\/div>\n<p>Auteur:<br \/>\n<a href=\"https:\/\/www.liberte-algerie.com\/international\/drame-migratoire-a-repetition-en-mediterranee-361475\">Cliquez ici pour lire l&rsquo;article depuis sa source.<\/a><\/p>\n","protected":false},"excerpt":{"rendered":"<p>Au moins 21 cadavres de migrants, quasi majoritairement d\u2019Afrique subsaharienne, ont \u00e9t\u00e9 rep\u00each\u00e9s hier au large de Sfax (Tunisie), s\u2019ajoutant \u00e0 28 corps sans vie qui ont \u00e9t\u00e9 rep\u00each\u00e9s fin juin dans la m\u00eame zone. Auteur: Cliquez ici pour lire l&rsquo;article depuis sa source.<\/p>\n","protected":false},"author":1742,"featured_media":0,"comment_status":"closed","ping_status":"closed","sticky":false,"template":"","format":"standard","meta":{"fifu_image_url":"","fifu_image_alt":"","footnotes":""},"categories":[73,53],"tags":[],"class_list":["post-120505","post","type-post","status-publish","format-standard","hentry","category-actualite","category-algerie"],"_links":{"self":[{"href":"https:\/\/linitiative.ca\/International\/wp-json\/wp\/v2\/posts\/120505","targetHints":{"allow":["GET"]}}],"collection":[{"href":"https:\/\/linitiative.ca\/International\/wp-json\/wp\/v2\/posts"}],"about":[{"href":"https:\/\/linitiative.ca\/International\/wp-json\/wp\/v2\/types\/post"}],"author":[{"embeddable":true,"href":"https:\/\/linitiative.ca\/International\/wp-json\/wp\/v2\/users\/1742"}],"replies":[{"embeddable":true,"href":"https:\/\/linitiative.ca\/International\/wp-json\/wp\/v2\/comments?post=120505"}],"version-history":[{"count":0,"href":"https:\/\/linitiative.ca\/International\/wp-json\/wp\/v2\/posts\/120505\/revisions"}],"wp:attachment":[{"href":"https:\/\/linitiative.ca\/International\/wp-json\/wp\/v2\/media?parent=120505"}],"wp:term":[{"taxonomy":"category","embeddable":true,"href":"https:\/\/linitiative.ca\/International\/wp-json\/wp\/v2\/categories?post=120505"},{"taxonomy":"post_tag","embeddable":true,"href":"https:\/\/linitiative.ca\/International\/wp-json\/wp\/v2\/tags?post=120505"}],"curies":[{"name":"wp","href":"https:\/\/api.w.org\/{rel}","templated":true}]}}