{"id":120508,"date":"2021-07-06T05:30:00","date_gmt":"2021-07-06T09:30:00","guid":{"rendered":"https:\/\/linitiative.ca\/International\/140-lyceens-enleves-dans-un-pensionnat-au-nigeria\/"},"modified":"2021-07-06T05:30:00","modified_gmt":"2021-07-06T09:30:00","slug":"140-lyceens-enleves-dans-un-pensionnat-au-nigeria","status":"publish","type":"post","link":"https:\/\/linitiative.ca\/International\/140-lyceens-enleves-dans-un-pensionnat-au-nigeria\/","title":{"rendered":"140 lyc\u00e9ens enlev\u00e9s dans un pensionnat au Nigeria"},"content":{"rendered":"<div>Des hommes arm\u00e9s ont attaqu\u00e9 dans la nuit de dimanche \u00e0 lundi un pensionnat de l&rsquo;\u00c9tat de Kaduna, dans le nord-ouest du Nigeria, kidnappant 140 lyc\u00e9ens<\/div>\n<p>Auteur:<br \/>\n<a href=\"https:\/\/www.liberte-algerie.com\/international\/140-lyceens-enleves-dans-un-pensionnat-au-nigeria-361472\">Cliquez ici pour lire l&rsquo;article depuis sa source.<\/a><\/p>\n","protected":false},"excerpt":{"rendered":"<p>Des hommes arm\u00e9s ont attaqu\u00e9 dans la nuit de dimanche \u00e0 lundi un pensionnat de l&rsquo;\u00c9tat de Kaduna, dans le nord-ouest du Nigeria, kidnappant 140 lyc\u00e9ens Auteur: Cliquez ici pour lire l&rsquo;article depuis sa source.<\/p>\n","protected":false},"author":1742,"featured_media":0,"comment_status":"closed","ping_status":"closed","sticky":false,"template":"","format":"standard","meta":{"fifu_image_url":"","fifu_image_alt":"","footnotes":""},"categories":[73,53],"tags":[],"class_list":["post-120508","post","type-post","status-publish","format-standard","hentry","category-actualite","category-algerie"],"_links":{"self":[{"href":"https:\/\/linitiative.ca\/International\/wp-json\/wp\/v2\/posts\/120508","targetHints":{"allow":["GET"]}}],"collection":[{"href":"https:\/\/linitiative.ca\/International\/wp-json\/wp\/v2\/posts"}],"about":[{"href":"https:\/\/linitiative.ca\/International\/wp-json\/wp\/v2\/types\/post"}],"author":[{"embeddable":true,"href":"https:\/\/linitiative.ca\/International\/wp-json\/wp\/v2\/users\/1742"}],"replies":[{"embeddable":true,"href":"https:\/\/linitiative.ca\/International\/wp-json\/wp\/v2\/comments?post=120508"}],"version-history":[{"count":0,"href":"https:\/\/linitiative.ca\/International\/wp-json\/wp\/v2\/posts\/120508\/revisions"}],"wp:attachment":[{"href":"https:\/\/linitiative.ca\/International\/wp-json\/wp\/v2\/media?parent=120508"}],"wp:term":[{"taxonomy":"category","embeddable":true,"href":"https:\/\/linitiative.ca\/International\/wp-json\/wp\/v2\/categories?post=120508"},{"taxonomy":"post_tag","embeddable":true,"href":"https:\/\/linitiative.ca\/International\/wp-json\/wp\/v2\/tags?post=120508"}],"curies":[{"name":"wp","href":"https:\/\/api.w.org\/{rel}","templated":true}]}}