{"id":120509,"date":"2021-07-06T10:21:31","date_gmt":"2021-07-06T14:21:31","guid":{"rendered":"https:\/\/linitiative.ca\/International\/coupe-du-trone-athletisme-handisport-2019-2020-locs-classe-3eme\/"},"modified":"2021-07-06T10:21:31","modified_gmt":"2021-07-06T14:21:31","slug":"coupe-du-trone-athletisme-handisport-2019-2020-locs-classe-3eme","status":"publish","type":"post","link":"https:\/\/linitiative.ca\/International\/coupe-du-trone-athletisme-handisport-2019-2020-locs-classe-3eme\/","title":{"rendered":"Coupe du Tr\u00f4ne athl\u00e9tisme-handisport 2019-2020: L\u2019OCS class\u00e9 3\u00e8me"},"content":{"rendered":"<div>\n<div style=\"margin-bottom:20px;\"><img loading=\"lazy\" decoding=\"async\" width=\"750\" height=\"430\" src=\"https:\/\/linitiative.ca\/International\/wp-content\/uploads\/sites\/23\/2021\/07\/athlC3A9tisme-handisport-OCS-copier-1.jpg\" class=\"attachment-post-thumbnail size-post-thumbnail wp-post-image\" alt=\"\" srcset=\"https:\/\/linitiative.ca\/International\/wp-content\/uploads\/sites\/23\/2021\/07\/athlC3A9tisme-handisport-OCS-copier-1.jpg 750w, http:\/\/www.mapmarrakech.ma\/map\/uploads\/2021\/07\/athl\u00e9tisme-handisport-OCS-copier-1-300x172.jpg 300w\" sizes=\"auto, (max-width: 750px) 100vw, 750px\"><\/div>\n<p>Lors cette manifestation sportive nationale, l\u2019athl\u00e8te Abdelilah Kani, soci\u00e9taire de l\u2019OCS, a battu le record africain du lancer de poids, Cat\u00e9gorie F53.<\/p>\n<p>Ancien joueur de Basket-ball en fauteuil roulant, cet athl\u00e8te safiote a r\u00e9alis\u00e9 un grand exploit pour sa premi\u00e8re exp\u00e9rience et sa premi\u00e8re participation dans la discipline de l\u2019athl\u00e9tisme handisport.<\/p>\n<p>De son c\u00f4t\u00e9, l\u2019athl\u00e8te Azzeddine Nouiri (F33), qui avait remport\u00e9 la m\u00e9daille d\u2019or des Jeux Paralympiques de Londres et ceux de Rio de Janeiro dans l\u2019\u00e9preuve du lancer de poids, a am\u00e9lior\u00e9 son record personnel, apr\u00e8s avoir travers\u00e9 un passage \u00e0 vide en raison de la pand\u00e9mie de la Covid-19.<\/p>\n<p>Organis\u00e9e par la F\u00e9d\u00e9ration Royale Marocaine des sports pour les personnes en situation de handicap, la Coupe du Tr\u00f4ne d\u2019athl\u00e9tisme 2019-2020 a \u00e9t\u00e9 domin\u00e9e par les clubs de F\u00e8s.<\/p>\n<p>Dans la cat\u00e9gorie du \u00ab\u00a0Handicap moteur\u00a0\u00bb, la premi\u00e8re place est revenue au Club Amis de F\u00e8s des Handicap\u00e9s avec 397 points, suivi de l\u2019Association Attahadi des personnes en situation de handicap de Rabat (273 points) alors que le Club OCS de Safi s\u2019est class\u00e9 en 3\u00e8 position, avec 260 points.<\/p>\n<p>S\u2019agissant de la cat\u00e9gorie du \u00ab\u00a0Handicap auditif\u00a0\u00bb, l\u2019Association Marocaine Amis des Handicap\u00e9s Physiques de F\u00e8s s\u2019est adjug\u00e9e la premi\u00e8re position, avec 88 points, suivie du Club Zima Chemaiya des Handicap\u00e9s de Youssoufia (39 points) et de l\u2019Association Al Aahd Al Jadid des Personnes Handicap\u00e9s- Benslimane (34 points) en 3\u00e8 position.<\/p>\n<p>La programmation du championnat national et de la Coupe du Tr\u00f4ne d\u2019athl\u00e9tisme handisport durant cette p\u00e9riode de l\u2019ann\u00e9e a constitu\u00e9 une occasion pour les athl\u00e8tes qualifi\u00e9s aux Jeux paralympiques de Tokyo, de mettre en lumi\u00e8re leur talent et leur d\u00e9termination \u00e0 bien repr\u00e9senter le Maroc lors de cette comp\u00e9tition plan\u00e9taire.<\/p>\n<p>The post <a rel=\"nofollow\" href=\"http:\/\/www.mapmarrakech.ma\/fr\/coupe-du-trone-athletisme-handisport-2019-2020-locs-classe-3eme\/\">Coupe du Tr\u00f4ne athl\u00e9tisme-handisport 2019-2020: L\u2019OCS class\u00e9 3\u00e8me<\/a> appeared first on <a rel=\"nofollow\" href=\"http:\/\/www.mapmarrakech.ma\/fr\">MapMarrakech<\/a>.<\/p>\n<\/div>\n<p>Auteur: Meriem IGASS<br \/>\n<a href=\"http:\/\/www.mapmarrakech.ma\/fr\/coupe-du-trone-athletisme-handisport-2019-2020-locs-classe-3eme\/\">Cliquez ici pour lire l&rsquo;article depuis sa source.<\/a><\/p>\n","protected":false},"excerpt":{"rendered":"<p>Lors cette manifestation sportive nationale, l\u2019athl\u00e8te Abdelilah Kani, soci\u00e9taire de l\u2019OCS, a battu le record africain du lancer de poids, Cat\u00e9gorie F53. Ancien joueur de Basket-ball en fauteuil roulant, cet athl\u00e8te safiote a r\u00e9alis\u00e9 un grand exploit pour sa premi\u00e8re exp\u00e9rience et sa premi\u00e8re participation dans la discipline de l\u2019athl\u00e9tisme handisport. De son c\u00f4t\u00e9, l\u2019athl\u00e8te [&hellip;]<\/p>\n","protected":false},"author":1788,"featured_media":0,"comment_status":"closed","ping_status":"closed","sticky":false,"template":"","format":"standard","meta":{"fifu_image_url":"http:\/\/www.mapmarrakech.ma\/map\/uploads\/2021\/07\/athl\u00e9tisme-handisport-OCS-copier-1.jpg","fifu_image_alt":"Coupe du Tr\u00f4ne athl\u00e9tisme-handisport 2019-2020: L\u2019OCS class\u00e9 3\u00e8me","footnotes":""},"categories":[54,76],"tags":[],"class_list":["post-120509","post","type-post","status-publish","format-standard","hentry","category-maroc","category-regions"],"_links":{"self":[{"href":"https:\/\/linitiative.ca\/International\/wp-json\/wp\/v2\/posts\/120509","targetHints":{"allow":["GET"]}}],"collection":[{"href":"https:\/\/linitiative.ca\/International\/wp-json\/wp\/v2\/posts"}],"about":[{"href":"https:\/\/linitiative.ca\/International\/wp-json\/wp\/v2\/types\/post"}],"author":[{"embeddable":true,"href":"https:\/\/linitiative.ca\/International\/wp-json\/wp\/v2\/users\/1788"}],"replies":[{"embeddable":true,"href":"https:\/\/linitiative.ca\/International\/wp-json\/wp\/v2\/comments?post=120509"}],"version-history":[{"count":0,"href":"https:\/\/linitiative.ca\/International\/wp-json\/wp\/v2\/posts\/120509\/revisions"}],"wp:attachment":[{"href":"https:\/\/linitiative.ca\/International\/wp-json\/wp\/v2\/media?parent=120509"}],"wp:term":[{"taxonomy":"category","embeddable":true,"href":"https:\/\/linitiative.ca\/International\/wp-json\/wp\/v2\/categories?post=120509"},{"taxonomy":"post_tag","embeddable":true,"href":"https:\/\/linitiative.ca\/International\/wp-json\/wp\/v2\/tags?post=120509"}],"curies":[{"name":"wp","href":"https:\/\/api.w.org\/{rel}","templated":true}]}}